{"id":7328,"date":"2026-04-28T14:34:36","date_gmt":"2026-04-28T12:34:36","guid":{"rendered":"http:\/\/www.asmdmarche.fr\/blog\/?p=7328"},"modified":"2026-04-28T16:01:25","modified_gmt":"2026-04-28T14:01:25","slug":"mardi-28-avril-2026","status":"publish","type":"post","link":"http:\/\/www.asmdmarche.fr\/blog\/?p=7328","title":{"rendered":"Mardi 28 avril 2026"},"content":{"rendered":"<p><img src=\"http:\/\/www.asmdmarche.fr\/blog\/wp-content\/uploads\/wppa\/20057.jpg\" \/><\/p>\n<p>32 marcheurs ce matin, par une belle matin\u00e9e fraiche et ensoleill\u00e9e.<\/p>\n<p>10 GM, 15 PM, 7 MS<\/p>\n<p><!--more--><\/p>\n<p>Les 10 marcheurs(euses) de la grande marche ont effectu\u00e9 une belle boucle de 13,230 \/ 13,270 km, selon les GPS, allez, on va arrondir \u00e0 13,300 km, nous ne sommes pas \u00e0 quelques dizaines de m\u00e8tres pr\u00e8s, pour cette randonn\u00e9e ensoleill\u00e9e, avec toujours ce petit vent \u00e0 bonne temp\u00e9rature, des beaux paysages champ\u00eatres color\u00e9s et une ambiance d\u00e9tendue. Sur le chemin du retour, apr\u00e8s la pause collation, et bien avant de terminer notre parcours dans les belles all\u00e9es du Bois de Maurepas, nous avons eu \u00e0 franchir d\u00e9licatement un passage un peu d\u00e9labr\u00e9 (\u00ab\u00a0si je connaissais le c&#8230; qui a fait sauter le pont !\u00a0\u00bb, disait Jean Lef\u00e8vre dans la 7\u00e8me compagnie), pas tout \u00e0 fait \u00e7\u00e0 pour nous mais quand m\u00eame &#8230; Bon, une belle matin\u00e9e vari\u00e9e bien appr\u00e9ci\u00e9e. Dominique.<\/p>\n<p><a href=\"http:\/\/www.asmdmarche.fr\/blog\/?page_id=11&amp;lang=fr&amp;wppa-album=753&amp;wppa-photo=20075&amp;wppa-cover=0&amp;wppa-occur=1\" target=\"_blank\" rel=\"noopener\">Voir les photos<\/a><\/p>\n<p><a href=\"https:\/\/www.dropbox.com\/scl\/fi\/u4paq4yaydrj5z5zq2b5r\/Mardi-28-avril-2026-PM.gpx?rlkey=oi98e1oj2ipn2zw1drpf6n0n4&amp;st=48p625ov&amp;dl=0\" target=\"_blank\" rel=\"noopener\">t\u00e9l\u00e9charger le GPX de la PM<\/a><\/p>\n<p><a href=\"http:\/\/www.asmdmarche.fr\/blog\/?p=2684\">Exploiter le GPX dans Google Earth<\/a><\/p>\n<p>&nbsp;<\/p>\n","protected":false},"excerpt":{"rendered":"<p>32 marcheurs ce matin, par une belle matin\u00e9e fraiche et ensoleill\u00e9e. 10 GM, 15 PM, 7 MS<\/p>\n","protected":false},"author":10,"featured_media":0,"comment_status":"open","ping_status":"closed","sticky":false,"template":"","format":"standard","meta":[],"categories":[3],"tags":[],"_links":{"self":[{"href":"http:\/\/www.asmdmarche.fr\/blog\/index.php?rest_route=\/wp\/v2\/posts\/7328"}],"collection":[{"href":"http:\/\/www.asmdmarche.fr\/blog\/index.php?rest_route=\/wp\/v2\/posts"}],"about":[{"href":"http:\/\/www.asmdmarche.fr\/blog\/index.php?rest_route=\/wp\/v2\/types\/post"}],"author":[{"embeddable":true,"href":"http:\/\/www.asmdmarche.fr\/blog\/index.php?rest_route=\/wp\/v2\/users\/10"}],"replies":[{"embeddable":true,"href":"http:\/\/www.asmdmarche.fr\/blog\/index.php?rest_route=%2Fwp%2Fv2%2Fcomments&post=7328"}],"version-history":[{"count":6,"href":"http:\/\/www.asmdmarche.fr\/blog\/index.php?rest_route=\/wp\/v2\/posts\/7328\/revisions"}],"predecessor-version":[{"id":7334,"href":"http:\/\/www.asmdmarche.fr\/blog\/index.php?rest_route=\/wp\/v2\/posts\/7328\/revisions\/7334"}],"wp:attachment":[{"href":"http:\/\/www.asmdmarche.fr\/blog\/index.php?rest_route=%2Fwp%2Fv2%2Fmedia&parent=7328"}],"wp:term":[{"taxonomy":"category","embeddable":true,"href":"http:\/\/www.asmdmarche.fr\/blog\/index.php?rest_route=%2Fwp%2Fv2%2Fcategories&post=7328"},{"taxonomy":"post_tag","embeddable":true,"href":"http:\/\/www.asmdmarche.fr\/blog\/index.php?rest_route=%2Fwp%2Fv2%2Ftags&post=7328"}],"curies":[{"name":"wp","href":"https:\/\/api.w.org\/{rel}","templated":true}]}}