{"id":7278,"date":"2026-03-10T17:43:55","date_gmt":"2026-03-10T16:43:55","guid":{"rendered":"http:\/\/www.asmdmarche.fr\/blog\/?p=7278"},"modified":"2026-03-10T17:43:55","modified_gmt":"2026-03-10T16:43:55","slug":"mardi-10-mars-2026","status":"publish","type":"post","link":"http:\/\/www.asmdmarche.fr\/blog\/?p=7278","title":{"rendered":"Mardi 10 mars 2026"},"content":{"rendered":"<p><img src=\"http:\/\/www.asmdmarche.fr\/blog\/wp-content\/uploads\/wppa\/19544.jpg\" \/><\/p>\n<p>62 participants ce matin au d\u00e9part du Mesnil : 26 GM, 15 PM, 13 MS, 8 PMD<\/p>\n<p><!--more--><\/p>\n<p>Le printemps donne des ailes dit on.<\/p>\n<p>Sa douceur, ses couleurs, sa lumi\u00e8re, ses fleurs ont illumin\u00e9 les c\u0153urs des treize marcheurs de la MS, que nous \u00e9tions.<\/p>\n<p>Apr\u00e8s 13,02 kms, heureux d&rsquo;avoir respir\u00e9 le bon air printanier, nous pr\u00eemes cong\u00e9 de M\u00e8re Nature qui nous a offert toutes ses beaut\u00e9s. Christine.<\/p>\n<p><a href=\"http:\/\/www.asmdmarche.fr\/blog\/?page_id=11&amp;lang=fr&amp;wppa-album=742&amp;wppa-photo=19534&amp;wppa-cover=0&amp;wppa-occur=1\" target=\"_blank\" rel=\"noopener\">Voir les photos<\/a><\/p>\n<p><a href=\"https:\/\/www.dropbox.com\/scl\/fi\/qdggw1bcbw8z040wl8fh2\/Mardi-10-mars-PM.gpx?rlkey=obgw207qjmgze8lfgbg4vsc1c&amp;e=1&amp;st=4ba011fy&amp;dl=0\" target=\"_blank\" rel=\"noopener\">T\u00e9l\u00e9charger le GPX de la PM et l&rsquo;exploiter dans Google Earth<\/a><\/p>\n<p><a href=\"https:\/\/www.dropbox.com\/scl\/fi\/igkyhygpuincn4u5g4h5t\/Mardi-10-mars-2025-GM.gpx?rlkey=ldvfz65mwzi2hysex3dh6lcmz&amp;e=1&amp;st=abvfz3rm&amp;dl=0\" target=\"_blank\" rel=\"noopener\">T\u00e9l\u00e9charger le GPX de la GM et l&rsquo;exploiter avec Google Earth<\/a><\/p>\n<p><a href=\"http:\/\/www.asmdmarche.fr\/blog\/?p=2684\" target=\"_blank\" rel=\"noopener\">Comment faire?<\/a><\/p>\n<p>&nbsp;<\/p>\n","protected":false},"excerpt":{"rendered":"<p>62 participants ce matin au d\u00e9part du Mesnil : 26 GM, 15 PM, 13 MS, 8 PMD<\/p>\n","protected":false},"author":10,"featured_media":0,"comment_status":"open","ping_status":"closed","sticky":false,"template":"","format":"standard","meta":[],"categories":[3],"tags":[],"_links":{"self":[{"href":"http:\/\/www.asmdmarche.fr\/blog\/index.php?rest_route=\/wp\/v2\/posts\/7278"}],"collection":[{"href":"http:\/\/www.asmdmarche.fr\/blog\/index.php?rest_route=\/wp\/v2\/posts"}],"about":[{"href":"http:\/\/www.asmdmarche.fr\/blog\/index.php?rest_route=\/wp\/v2\/types\/post"}],"author":[{"embeddable":true,"href":"http:\/\/www.asmdmarche.fr\/blog\/index.php?rest_route=\/wp\/v2\/users\/10"}],"replies":[{"embeddable":true,"href":"http:\/\/www.asmdmarche.fr\/blog\/index.php?rest_route=%2Fwp%2Fv2%2Fcomments&post=7278"}],"version-history":[{"count":1,"href":"http:\/\/www.asmdmarche.fr\/blog\/index.php?rest_route=\/wp\/v2\/posts\/7278\/revisions"}],"predecessor-version":[{"id":7279,"href":"http:\/\/www.asmdmarche.fr\/blog\/index.php?rest_route=\/wp\/v2\/posts\/7278\/revisions\/7279"}],"wp:attachment":[{"href":"http:\/\/www.asmdmarche.fr\/blog\/index.php?rest_route=%2Fwp%2Fv2%2Fmedia&parent=7278"}],"wp:term":[{"taxonomy":"category","embeddable":true,"href":"http:\/\/www.asmdmarche.fr\/blog\/index.php?rest_route=%2Fwp%2Fv2%2Fcategories&post=7278"},{"taxonomy":"post_tag","embeddable":true,"href":"http:\/\/www.asmdmarche.fr\/blog\/index.php?rest_route=%2Fwp%2Fv2%2Ftags&post=7278"}],"curies":[{"name":"wp","href":"https:\/\/api.w.org\/{rel}","templated":true}]}}