{"id":7271,"date":"2026-03-03T15:50:13","date_gmt":"2026-03-03T14:50:13","guid":{"rendered":"http:\/\/www.asmdmarche.fr\/blog\/?p=7271"},"modified":"2026-03-03T18:36:13","modified_gmt":"2026-03-03T17:36:13","slug":"mardi-03-mars-2026","status":"publish","type":"post","link":"http:\/\/www.asmdmarche.fr\/blog\/?p=7271","title":{"rendered":"Mardi 03 mars 2026"},"content":{"rendered":"<p><img src=\"http:\/\/www.asmdmarche.fr\/blog\/wp-content\/uploads\/wppa\/19488.jpg\" \/><\/p>\n<p>43 pr\u00e9sents au d\u00e9part de Bois d&rsquo;Arcy. 25 GM, 11 PM, 7 MS<\/p>\n<p><!--more--><\/p>\n<p>Les 11 marcheuses(eurs) de la petite marche ont parcouru 8 km au d\u00e9part du centre \u00e9questre de Bois- d&rsquo;Arcy, dans la foret des Clayes-Sous-Bois. Petite curiosit\u00e9, nous avons aper\u00e7u une borne armori\u00e9e.\u00a0\u00bb<i>Mais ce qui rend la for\u00eat de Bois-d\u2019Arcy encore plus unique, c\u2019est son histoire : elle conserve des vestiges du Domaine royal de Versailles, tels que des fragments du mur d\u2019enceinte, des <\/i><i><b>bornes royales<\/b><\/i><i> et la rigole des Clayes, t\u00e9moins de l\u2019\u00e9poque de Louis XIV.<\/i>\u00ab\u00a0Nous avons aussi fait une pause \u00ab\u00a0royale\u00a0\u00bb, avec d\u2019excellentes p\u00e2tisseries maison. Merci aux p\u00e2tissi\u00e8res. Jean-Pierre<\/p>\n<p>Les 25 marcheuses(eurs) de la grande marche ont parcouru 11,8 km au d\u00e9part du centre \u00e9questre de Bois d&rsquo;Arcy et effectu\u00e9 une belle boucle bois\u00e9e dans la for\u00eat domaniale de Bois d&rsquo;Arcy, avec une m\u00e9t\u00e9o digne d&rsquo;un d\u00e9but de printemps, avec quelques jours d&rsquo;avance, ensoleill\u00e9e et bien agr\u00e9able. Quelques passages boueux (sans difficult\u00e9s) ont t\u00e9moign\u00e9 des \u00e9pisodes humides de d\u00e9but d&rsquo;ann\u00e9e, mais l&rsquo;ensemble du parcours s&rsquo;est d\u00e9roul\u00e9 sur des chemins ou des all\u00e9es foresti\u00e8res confortables sous nos pieds (ou plut\u00f4t sous nos chaussures). Enfin, et afin que l&rsquo;appellation \u00ab\u00a0randonn\u00e9e\u00a0\u00bb soit respect\u00e9e, nous avons pratiqu\u00e9 une petite \u00ab\u00a0grimpette\u00a0\u00bb avant la pause collation, puis une belle mont\u00e9e peu avant notre retour. Une marche compl\u00e8te et vari\u00e9e. Dominique.<\/p>\n<p><a href=\"http:\/\/www.asmdmarche.fr\/blog\/?page_id=11&amp;lang=fr&amp;wppa-album=741&amp;wppa-slide=1&amp;wppa-occur=1\">Voir les photos<\/a><\/p>\n<p><a href=\"https:\/\/www.dropbox.com\/scl\/fi\/g8ycgtfchcu53btjjxtdu\/Mardi-03-mars-2026-PM.gpx?rlkey=swk6rvuzdzzthybixsvxjuo3l&amp;st=eltodbbp&amp;dl=0\">T\u00e9l\u00e9charger et exploiter le fichier GPX de la PM<\/a><\/p>\n<p><a href=\"https:\/\/www.dropbox.com\/scl\/fi\/8v0g9bwxft58rw4w7lt10\/Mardi-03-mars-2026-GM.gpx?rlkey=0hwszf484i7fy383juinoz7ru&amp;st=9u7evg9r&amp;dl=0\" target=\"_blank\" rel=\"noopener\">T\u00e9l\u00e9charger et exploiter le fichier GPX de la GM<\/a><\/p>\n<p>&nbsp;<\/p>\n<p><a href=\"http:\/\/www.asmdmarche.fr\/blog\/?p=2684\" target=\"_blank\" rel=\"noopener\">Comment faire?<\/a><\/p>\n<p>&nbsp;<\/p>\n","protected":false},"excerpt":{"rendered":"<p>43 pr\u00e9sents au d\u00e9part de Bois d&rsquo;Arcy. 25 GM, 11 PM, 7 MS<\/p>\n","protected":false},"author":10,"featured_media":0,"comment_status":"open","ping_status":"closed","sticky":false,"template":"","format":"standard","meta":[],"categories":[3],"tags":[],"_links":{"self":[{"href":"http:\/\/www.asmdmarche.fr\/blog\/index.php?rest_route=\/wp\/v2\/posts\/7271"}],"collection":[{"href":"http:\/\/www.asmdmarche.fr\/blog\/index.php?rest_route=\/wp\/v2\/posts"}],"about":[{"href":"http:\/\/www.asmdmarche.fr\/blog\/index.php?rest_route=\/wp\/v2\/types\/post"}],"author":[{"embeddable":true,"href":"http:\/\/www.asmdmarche.fr\/blog\/index.php?rest_route=\/wp\/v2\/users\/10"}],"replies":[{"embeddable":true,"href":"http:\/\/www.asmdmarche.fr\/blog\/index.php?rest_route=%2Fwp%2Fv2%2Fcomments&post=7271"}],"version-history":[{"count":3,"href":"http:\/\/www.asmdmarche.fr\/blog\/index.php?rest_route=\/wp\/v2\/posts\/7271\/revisions"}],"predecessor-version":[{"id":7274,"href":"http:\/\/www.asmdmarche.fr\/blog\/index.php?rest_route=\/wp\/v2\/posts\/7271\/revisions\/7274"}],"wp:attachment":[{"href":"http:\/\/www.asmdmarche.fr\/blog\/index.php?rest_route=%2Fwp%2Fv2%2Fmedia&parent=7271"}],"wp:term":[{"taxonomy":"category","embeddable":true,"href":"http:\/\/www.asmdmarche.fr\/blog\/index.php?rest_route=%2Fwp%2Fv2%2Fcategories&post=7271"},{"taxonomy":"post_tag","embeddable":true,"href":"http:\/\/www.asmdmarche.fr\/blog\/index.php?rest_route=%2Fwp%2Fv2%2Ftags&post=7271"}],"curies":[{"name":"wp","href":"https:\/\/api.w.org\/{rel}","templated":true}]}}