{"id":6342,"date":"2024-06-28T09:09:52","date_gmt":"2024-06-28T07:09:52","guid":{"rendered":"http:\/\/www.asmdmarche.fr\/blog\/?p=6342"},"modified":"2024-06-28T09:09:52","modified_gmt":"2024-06-28T07:09:52","slug":"mardi-25-juin-2024","status":"publish","type":"post","link":"http:\/\/www.asmdmarche.fr\/blog\/?p=6342","title":{"rendered":"Mardi 25 juin 2024"},"content":{"rendered":"<p style=\"text-align: left;\"><img class=\"aligncenter\" src=\"http:\/\/www.asmdmarche.fr\/blog\/wp-content\/uploads\/wppa\/15114.jpg\" \/><\/p>\n<p>23 GM, 13 PM, 6 MS<\/p>\n<p><!--more--><\/p>\n<p>Sous la conduite de Pascal, les 23 marcheuses(eurs) de la grande marche ont effectu\u00e9 une belle boucle bois\u00e9e d&rsquo;environ 11,5 km autour de Clairefontaine en Yvelines, dans une ambiance estivale bien agr\u00e9able, m\u00eame si les nombreux \u00e9pisodes humides r\u00e9cents ont laiss\u00e9 quelques souvenirs boueux dans certains chemins. Nous avons eu le plaisir de rejoindre la petite marche pour la collation que nous avons appr\u00e9ci\u00e9e pr\u00e8s d&rsquo;un bel \u00e9tang. Une belle matin\u00e9e conviviale avant la p\u00e9riode estivale, que je souhaite ensoleill\u00e9e et pleine de bons moments \u00e0 toutes et \u00e0 tous. A tr\u00e8s vite. Dominique.<\/p>\n<p><a href=\"http:\/\/www.asmdmarche.fr\/blog\/?page_id=11&amp;lang=fr&amp;wppa-album=620&amp;wppa-photo=15090&amp;wppa-cover=0&amp;wppa-occur=1\" target=\"_blank\" rel=\"noopener\">Voir les photos de Dominique<\/a><\/p>\n<p>&nbsp;<\/p>\n","protected":false},"excerpt":{"rendered":"<p>23 GM, 13 PM, 6 MS<\/p>\n","protected":false},"author":10,"featured_media":0,"comment_status":"open","ping_status":"closed","sticky":false,"template":"","format":"standard","meta":[],"categories":[3],"tags":[],"_links":{"self":[{"href":"http:\/\/www.asmdmarche.fr\/blog\/index.php?rest_route=\/wp\/v2\/posts\/6342"}],"collection":[{"href":"http:\/\/www.asmdmarche.fr\/blog\/index.php?rest_route=\/wp\/v2\/posts"}],"about":[{"href":"http:\/\/www.asmdmarche.fr\/blog\/index.php?rest_route=\/wp\/v2\/types\/post"}],"author":[{"embeddable":true,"href":"http:\/\/www.asmdmarche.fr\/blog\/index.php?rest_route=\/wp\/v2\/users\/10"}],"replies":[{"embeddable":true,"href":"http:\/\/www.asmdmarche.fr\/blog\/index.php?rest_route=%2Fwp%2Fv2%2Fcomments&post=6342"}],"version-history":[{"count":1,"href":"http:\/\/www.asmdmarche.fr\/blog\/index.php?rest_route=\/wp\/v2\/posts\/6342\/revisions"}],"predecessor-version":[{"id":6343,"href":"http:\/\/www.asmdmarche.fr\/blog\/index.php?rest_route=\/wp\/v2\/posts\/6342\/revisions\/6343"}],"wp:attachment":[{"href":"http:\/\/www.asmdmarche.fr\/blog\/index.php?rest_route=%2Fwp%2Fv2%2Fmedia&parent=6342"}],"wp:term":[{"taxonomy":"category","embeddable":true,"href":"http:\/\/www.asmdmarche.fr\/blog\/index.php?rest_route=%2Fwp%2Fv2%2Fcategories&post=6342"},{"taxonomy":"post_tag","embeddable":true,"href":"http:\/\/www.asmdmarche.fr\/blog\/index.php?rest_route=%2Fwp%2Fv2%2Ftags&post=6342"}],"curies":[{"name":"wp","href":"https:\/\/api.w.org\/{rel}","templated":true}]}}