{"id":6338,"date":"2024-06-16T18:46:33","date_gmt":"2024-06-16T16:46:33","guid":{"rendered":"http:\/\/www.asmdmarche.fr\/blog\/?p=6338"},"modified":"2024-06-16T18:46:33","modified_gmt":"2024-06-16T16:46:33","slug":"assemblee-generale-du-jeudi-13-juin-2024","status":"publish","type":"post","link":"http:\/\/www.asmdmarche.fr\/blog\/?p=6338","title":{"rendered":"Assembl\u00e9e G\u00e9n\u00e9rale du jeudi 13 juin 2024"},"content":{"rendered":"<p>L&rsquo;Assembl\u00e9e G\u00e9n\u00e9rale de la Section Marche s&rsquo;est tenue jeudi 13 juin dans la salle Gassendi.<br \/>\nLes membre du Bureau sortant ont tous \u00e9t\u00e9 r\u00e9\u00e9lus \u00e0 l&rsquo;unanimit\u00e9 et ont tous retrouv\u00e9 leur fonction. Nous avons eu le plaisir d\u2019accueillir Laurence Cottavoz qui a pris la fonction de secr\u00e9taire adjointe.<br \/>\nContrairement \u00e0 l&rsquo;ann\u00e9e derni\u00e8re, le temps ne nous a pas permis de festoyer dehors, mais cela ne nous a pas emp\u00each\u00e9 de passer une excellente soir\u00e9e, qui fut particuli\u00e8rement festive et gastronomique.<br \/>\nUn grand merci aux participants et aux cuisini\u00e8res et cuisiniers qui nous ont r\u00e9gal\u00e9s. N\u2019h\u00e9sitez pas \u00e0 nous communiquer vos recettes qui ont toutes leur place dans notre rubrique sur le blog de la Section.<br \/>\nPas beaucoup de photos, Dominique nous a manqu\u00e9.<br \/>\nJean-Pierre<\/p>\n<p><a href=\"http:\/\/www.asmdmarche.fr\/blog\/?page_id=11&amp;lang=fr&amp;wppa-album=619&amp;wppa-photo=15086&amp;wppa-cover=0&amp;wppa-occur=1\" target=\"_blank\" rel=\"noopener\">Voir les photos<\/a><\/p>\n<p>&nbsp;<\/p>\n","protected":false},"excerpt":{"rendered":"<p>L&rsquo;Assembl\u00e9e G\u00e9n\u00e9rale de la Section Marche s&rsquo;est tenue jeudi 13 juin dans la salle Gassendi. Les membre du Bureau sortant ont tous \u00e9t\u00e9 r\u00e9\u00e9lus \u00e0 l&rsquo;unanimit\u00e9 et ont tous retrouv\u00e9 leur fonction. Nous avons eu le plaisir d\u2019accueillir Laurence Cottavoz qui a pris la fonction de secr\u00e9taire adjointe. Contrairement \u00e0 l&rsquo;ann\u00e9e derni\u00e8re, le temps ne [&hellip;]<\/p>\n","protected":false},"author":10,"featured_media":0,"comment_status":"open","ping_status":"closed","sticky":false,"template":"","format":"standard","meta":[],"categories":[3],"tags":[],"_links":{"self":[{"href":"http:\/\/www.asmdmarche.fr\/blog\/index.php?rest_route=\/wp\/v2\/posts\/6338"}],"collection":[{"href":"http:\/\/www.asmdmarche.fr\/blog\/index.php?rest_route=\/wp\/v2\/posts"}],"about":[{"href":"http:\/\/www.asmdmarche.fr\/blog\/index.php?rest_route=\/wp\/v2\/types\/post"}],"author":[{"embeddable":true,"href":"http:\/\/www.asmdmarche.fr\/blog\/index.php?rest_route=\/wp\/v2\/users\/10"}],"replies":[{"embeddable":true,"href":"http:\/\/www.asmdmarche.fr\/blog\/index.php?rest_route=%2Fwp%2Fv2%2Fcomments&post=6338"}],"version-history":[{"count":2,"href":"http:\/\/www.asmdmarche.fr\/blog\/index.php?rest_route=\/wp\/v2\/posts\/6338\/revisions"}],"predecessor-version":[{"id":6340,"href":"http:\/\/www.asmdmarche.fr\/blog\/index.php?rest_route=\/wp\/v2\/posts\/6338\/revisions\/6340"}],"wp:attachment":[{"href":"http:\/\/www.asmdmarche.fr\/blog\/index.php?rest_route=%2Fwp%2Fv2%2Fmedia&parent=6338"}],"wp:term":[{"taxonomy":"category","embeddable":true,"href":"http:\/\/www.asmdmarche.fr\/blog\/index.php?rest_route=%2Fwp%2Fv2%2Fcategories&post=6338"},{"taxonomy":"post_tag","embeddable":true,"href":"http:\/\/www.asmdmarche.fr\/blog\/index.php?rest_route=%2Fwp%2Fv2%2Ftags&post=6338"}],"curies":[{"name":"wp","href":"https:\/\/api.w.org\/{rel}","templated":true}]}}