{"id":4485,"date":"2019-09-06T14:08:16","date_gmt":"2019-09-06T12:08:16","guid":{"rendered":"http:\/\/www.asmdmarche.fr\/blog\/?p=4485"},"modified":"2019-09-06T14:08:16","modified_gmt":"2019-09-06T12:08:16","slug":"mardi-3-septembre-pre-rentree","status":"publish","type":"post","link":"http:\/\/www.asmdmarche.fr\/blog\/?p=4485","title":{"rendered":"Mardi 3 septembre   Pr\u00e9-rentr\u00e9e"},"content":{"rendered":"<p><img src=\"http:\/\/www.asmdmarche.fr\/blog\/wp-content\/uploads\/wppa\/6963.jpg\" \/><\/p>\n<p><span style=\"color: #333333;\"><span style=\"font-family: Ubuntu;\"><span style=\"font-size: medium;\">Une belle marche ensoleill\u00e9e au d\u00e9part du Ch\u00e2teau de la Madeleine, pour ce retour de vacances pour 29 marcheuses(eurs), avec des for\u00eats, des plaines, des mont\u00e9es, des descentes, une ambiance chaleureuse, et des \u00e9changes vari\u00e9s sur les diff\u00e9rentes activit\u00e9s de l&rsquo;\u00e9t\u00e9 de chacun. Un bon moment pass\u00e9 ensemble. <\/span><\/span><\/span><\/p>\n<p><span style=\"color: #333333;\"><span style=\"font-family: Ubuntu;\"><span style=\"font-size: medium;\">Dominique.<\/span><\/span><\/span><\/p>\n<p><!--more--><\/p>\n<p><span style=\"color: #0000ff;\"><a style=\"color: #0000ff;\" href=\"http:\/\/www.asmdmarche.fr\/blog\/?page_id=11&amp;wppa-album=327&amp;wppa-photo=6948&amp;wppa-cover=0&amp;wppa-occur=1\" target=\"_blank\" rel=\"noopener noreferrer\">Voir les photos de Dominique<\/a><\/span><\/p>\n<p><span style=\"color: #0000ff;\"><a style=\"color: #0000ff;\" href=\"https:\/\/www.grosfichiers.com\/i8sMNTebYnR\" target=\"_blank\" rel=\"noopener noreferrer\">T\u00e9l\u00e9charger &amp; exploiter le fichier gpx<\/a><\/span><\/p>\n<p><span style=\"color: #0000ff;\"><a style=\"color: #0000ff;\" href=\"http:\/\/www.asmdmarche.fr\/blog\/?p=2684\" target=\"_blank\" rel=\"noopener noreferrer\"><span style=\"font-family: Helvetica Neue, Arial, Liberation Sans, FreeSans, sans-serif;\"><span style=\"font-size: medium;\">Comment faire?<\/span><\/span><\/a><\/span><\/p>\n<p>&nbsp;<\/p>\n<p>&nbsp;<\/p>\n<p>&nbsp;<\/p>\n<p>&nbsp;<\/p>\n<p>&nbsp;<\/p>\n<p>&nbsp;<\/p>\n","protected":false},"excerpt":{"rendered":"<p>Une belle marche ensoleill\u00e9e au d\u00e9part du Ch\u00e2teau de la Madeleine, pour ce retour de vacances pour 29 marcheuses(eurs), avec des for\u00eats, des plaines, des mont\u00e9es, des descentes, une ambiance chaleureuse, et des \u00e9changes vari\u00e9s sur les diff\u00e9rentes activit\u00e9s de l&rsquo;\u00e9t\u00e9 de chacun. Un bon moment pass\u00e9 ensemble. Dominique.<\/p>\n","protected":false},"author":10,"featured_media":0,"comment_status":"open","ping_status":"closed","sticky":false,"template":"","format":"standard","meta":[],"categories":[3],"tags":[],"_links":{"self":[{"href":"http:\/\/www.asmdmarche.fr\/blog\/index.php?rest_route=\/wp\/v2\/posts\/4485"}],"collection":[{"href":"http:\/\/www.asmdmarche.fr\/blog\/index.php?rest_route=\/wp\/v2\/posts"}],"about":[{"href":"http:\/\/www.asmdmarche.fr\/blog\/index.php?rest_route=\/wp\/v2\/types\/post"}],"author":[{"embeddable":true,"href":"http:\/\/www.asmdmarche.fr\/blog\/index.php?rest_route=\/wp\/v2\/users\/10"}],"replies":[{"embeddable":true,"href":"http:\/\/www.asmdmarche.fr\/blog\/index.php?rest_route=%2Fwp%2Fv2%2Fcomments&post=4485"}],"version-history":[{"count":5,"href":"http:\/\/www.asmdmarche.fr\/blog\/index.php?rest_route=\/wp\/v2\/posts\/4485\/revisions"}],"predecessor-version":[{"id":4490,"href":"http:\/\/www.asmdmarche.fr\/blog\/index.php?rest_route=\/wp\/v2\/posts\/4485\/revisions\/4490"}],"wp:attachment":[{"href":"http:\/\/www.asmdmarche.fr\/blog\/index.php?rest_route=%2Fwp%2Fv2%2Fmedia&parent=4485"}],"wp:term":[{"taxonomy":"category","embeddable":true,"href":"http:\/\/www.asmdmarche.fr\/blog\/index.php?rest_route=%2Fwp%2Fv2%2Fcategories&post=4485"},{"taxonomy":"post_tag","embeddable":true,"href":"http:\/\/www.asmdmarche.fr\/blog\/index.php?rest_route=%2Fwp%2Fv2%2Ftags&post=4485"}],"curies":[{"name":"wp","href":"https:\/\/api.w.org\/{rel}","templated":true}]}}