{"id":4466,"date":"2019-06-26T11:00:11","date_gmt":"2019-06-26T09:00:11","guid":{"rendered":"http:\/\/www.asmdmarche.fr\/blog\/?p=4466"},"modified":"2019-06-26T11:00:11","modified_gmt":"2019-06-26T09:00:11","slug":"mardi-25-juin","status":"publish","type":"post","link":"http:\/\/www.asmdmarche.fr\/blog\/?p=4466","title":{"rendered":"Mardi 25 juin"},"content":{"rendered":"<p><a href=\"http:\/\/www.asmdmarche.fr\/blog\/wp-content\/uploads\/2019\/06\/B1.jpg\"><img loading=\"lazy\" class=\"alignnone size-medium wp-image-4470\" src=\"http:\/\/www.asmdmarche.fr\/blog\/wp-content\/uploads\/2019\/06\/B1-300x235.jpg\" alt=\"\" width=\"300\" height=\"235\" srcset=\"http:\/\/www.asmdmarche.fr\/blog\/wp-content\/uploads\/2019\/06\/B1-300x235.jpg 300w, http:\/\/www.asmdmarche.fr\/blog\/wp-content\/uploads\/2019\/06\/B1-768x602.jpg 768w, http:\/\/www.asmdmarche.fr\/blog\/wp-content\/uploads\/2019\/06\/B1-600x470.jpg 600w, http:\/\/www.asmdmarche.fr\/blog\/wp-content\/uploads\/2019\/06\/B1.jpg 800w\" sizes=\"(max-width: 300px) 100vw, 300px\" \/>\u00a0 \u00a0 \u00a0 \u00a0 \u00a0 \u00a0 \u00a0 \u00a0\u00a0<\/a><a href=\"http:\/\/www.asmdmarche.fr\/blog\/wp-content\/uploads\/2019\/06\/b2-1.jpg\"><img loading=\"lazy\" class=\"alignnone size-medium wp-image-4469\" src=\"http:\/\/www.asmdmarche.fr\/blog\/wp-content\/uploads\/2019\/06\/b2-1-300x213.jpg\" alt=\"\" width=\"300\" height=\"213\" srcset=\"http:\/\/www.asmdmarche.fr\/blog\/wp-content\/uploads\/2019\/06\/b2-1-300x213.jpg 300w, http:\/\/www.asmdmarche.fr\/blog\/wp-content\/uploads\/2019\/06\/b2-1-768x544.jpg 768w, http:\/\/www.asmdmarche.fr\/blog\/wp-content\/uploads\/2019\/06\/b2-1-600x425.jpg 600w, http:\/\/www.asmdmarche.fr\/blog\/wp-content\/uploads\/2019\/06\/b2-1.jpg 800w\" sizes=\"(max-width: 300px) 100vw, 300px\" \/><\/a><\/p>\n<p>28 courageux ont particip\u00e9 \u00e0 une marche unique \u00e9court\u00e9e (10 km) pour ne pas trop \u00e9puiser les organismes par cette forte chaleur !<\/p>\n<p><!--more--><br \/>\nCette balade nous a fait passer par Maincourt, Champ Romery, le Mousseau, Girouard, le Pommeret avec un retour par notre Dame de la Roche.<\/p>\n<p><a href=\"http:\/\/www.asmdmarche.fr\/blog\/wp-content\/uploads\/2019\/06\/Sans-titre-1.jpg\"><img loading=\"lazy\" class=\"alignnone size-medium wp-image-4471\" src=\"http:\/\/www.asmdmarche.fr\/blog\/wp-content\/uploads\/2019\/06\/Sans-titre-1-300x297.jpg\" alt=\"\" width=\"300\" height=\"297\" \/>\u00a0\u00a0\u00a0\u00a0\u00a0<\/a><\/p>\n<p><a href=\"https:\/\/www.grosfichiers.com\/5id4wpqGExG\" target=\"_blank\" rel=\"noopener\">T\u00e9l\u00e9charger &amp; exploiter le fichier gpx<\/a><\/p>\n<p>&nbsp;<\/p>\n<p>&nbsp;<\/p>\n","protected":false},"excerpt":{"rendered":"<p>\u00a0 \u00a0 \u00a0 \u00a0 \u00a0 \u00a0 \u00a0 \u00a0\u00a0 28 courageux ont particip\u00e9 \u00e0 une marche unique \u00e9court\u00e9e (10 km) pour ne pas trop \u00e9puiser les organismes par cette forte chaleur !<\/p>\n","protected":false},"author":10,"featured_media":0,"comment_status":"open","ping_status":"closed","sticky":false,"template":"","format":"standard","meta":[],"categories":[3],"tags":[],"_links":{"self":[{"href":"http:\/\/www.asmdmarche.fr\/blog\/index.php?rest_route=\/wp\/v2\/posts\/4466"}],"collection":[{"href":"http:\/\/www.asmdmarche.fr\/blog\/index.php?rest_route=\/wp\/v2\/posts"}],"about":[{"href":"http:\/\/www.asmdmarche.fr\/blog\/index.php?rest_route=\/wp\/v2\/types\/post"}],"author":[{"embeddable":true,"href":"http:\/\/www.asmdmarche.fr\/blog\/index.php?rest_route=\/wp\/v2\/users\/10"}],"replies":[{"embeddable":true,"href":"http:\/\/www.asmdmarche.fr\/blog\/index.php?rest_route=%2Fwp%2Fv2%2Fcomments&post=4466"}],"version-history":[{"count":3,"href":"http:\/\/www.asmdmarche.fr\/blog\/index.php?rest_route=\/wp\/v2\/posts\/4466\/revisions"}],"predecessor-version":[{"id":4473,"href":"http:\/\/www.asmdmarche.fr\/blog\/index.php?rest_route=\/wp\/v2\/posts\/4466\/revisions\/4473"}],"wp:attachment":[{"href":"http:\/\/www.asmdmarche.fr\/blog\/index.php?rest_route=%2Fwp%2Fv2%2Fmedia&parent=4466"}],"wp:term":[{"taxonomy":"category","embeddable":true,"href":"http:\/\/www.asmdmarche.fr\/blog\/index.php?rest_route=%2Fwp%2Fv2%2Fcategories&post=4466"},{"taxonomy":"post_tag","embeddable":true,"href":"http:\/\/www.asmdmarche.fr\/blog\/index.php?rest_route=%2Fwp%2Fv2%2Ftags&post=4466"}],"curies":[{"name":"wp","href":"https:\/\/api.w.org\/{rel}","templated":true}]}}