{"id":4403,"date":"2019-05-27T11:22:25","date_gmt":"2019-05-27T09:22:25","guid":{"rendered":"http:\/\/www.asmdmarche.fr\/blog\/?p=4403"},"modified":"2019-05-27T18:10:51","modified_gmt":"2019-05-27T16:10:51","slug":"week-end-armeau-18-19-mai","status":"publish","type":"post","link":"http:\/\/www.asmdmarche.fr\/blog\/?p=4403","title":{"rendered":"Week-end Armeau 18 &#038; 19 mai"},"content":{"rendered":"<p><img src=\"http:\/\/www.asmdmarche.fr\/blog\/wp-content\/uploads\/wppa\/6583.jpg\" \/><\/p>\n<p align=\"left\"><span style=\"font-family: Arial, sans-serif;\"><span style=\"font-size: large;\"><b>Samedi\u00a0:<\/b><\/span><\/span><\/p>\n<p align=\"left\"><span style=\"font-family: Arial, sans-serif;\"><span style=\"font-size: medium;\">Nous \u00e9tions 54 adh\u00e9rents \u00e0 participer \u00e0 ce voyage dont 51 prenaient le car au d\u00e9part du Mesnil, 2 nous ont rejoints en voiture et 1 a effectu\u00e9 le trajet \u00e0 v\u00e9lo (168 km).<\/span><\/span><\/p>\n<p align=\"left\"><!--more--><\/p>\n<p align=\"left\"><span style=\"font-family: Arial, sans-serif;\"><span style=\"font-size: medium;\">A 10 h, nous sommes arriv\u00e9s \u00e0 la Carri\u00e8re souterraine d\u2019Aubigny \u00e0 Taingy pour une visite guid\u00e9e d\u20191 h 30. Ce site, issu de l\u2019extraction des blocs de pierres, est constitu\u00e9 de grandioses et impressionnantes \u00ab\u00a0grottes\u00a0\u00bb portant les traces des \u00ab\u00a0lances\u00a0\u00bb et des \u00ab\u00a0aiguilles\u00a0\u00bb, seuls outils utilis\u00e9s par les carriers pendant des si\u00e8cles. Dans ce monde myst\u00e9rieux et envo\u00fbtant, v\u00e9ritable cath\u00e9drale \u00e0 l\u2019envers, on a pu d\u00e9couvrir le m\u00e9tier de carrier, t\u00e9moignage vrai de notre pass\u00e9, mais aussi l\u2019activit\u00e9 actuelle du tailleur de pierre et du sculpteur, dans une remarquable mise en lumi\u00e8re. <\/span><\/span><\/p>\n<p align=\"left\"><span style=\"font-family: Arial, sans-serif;\"><span style=\"font-size: medium;\">Cette visite \u00e9tait passionnante malgr\u00e9 la fra\u00eecheur du site (entre 12 et 14\u00b0 avec une humidit\u00e9 importante).\u00a0\u00a0Nous avons aussi pu v\u00e9rifier la bonne acoustique de la carri\u00e8re gr\u00e2ce \u00e0 une excellente\u00a0 prestation de Pierre Wucher.<\/span><\/span><\/p>\n<p align=\"left\"><span style=\"font-family: Arial, sans-serif;\"><span style=\"font-size: medium;\">A l\u2019issue de cette visite, un ap\u00e9ritif a \u00e9t\u00e9 servi accompagn\u00e9 de goug\u00e8res \u00e0 l\u2019entr\u00e9e de la Carri\u00e8re. Nous avons pu pique-niquer sur place et faire provision de sp\u00e9cialit\u00e9s r\u00e9gionales qui nous attendaient.<\/span><\/span><\/p>\n<p align=\"left\"><span style=\"font-family: Arial, sans-serif;\"><span style=\"font-size: medium;\">Nous nous sommes ensuite rendus, en car, \u00e0 C\u00e9zy pour une randonn\u00e9e de 9 km en boucle autour du village et du canal de Joigny. Nous sommes revenus au car en passant par le pont suspendu de C\u00e9zy, qui a \u00e9t\u00e9 inaugur\u00e9 en 1846 avec une port\u00e9e de 90 m et qui reste l\u2019unique ouvrage de ce style dans le d\u00e9partement de l\u2019Yonne.<\/span><\/span><\/p>\n<p align=\"left\"><span style=\"font-family: Arial, sans-serif;\"><span style=\"font-size: medium;\">En fin d\u2019apr\u00e8s-midi, nous avons regagn\u00e9, en car, le Centre de vacances \u00ab\u00a0La Vall\u00e9e de l\u2019Yonne\u00a0\u00bb \u00e0 Armeau o\u00f9 nous avons pris possession de nos chambres pour un moment de repos et d\u00e9tente avant le d\u00eener.<\/span><\/span><\/p>\n<p align=\"left\"><span style=\"font-family: Arial, sans-serif;\"><span style=\"font-size: medium;\">Nous nous sommes tous retrouv\u00e9s (y compris les deux personnes en voiture et le cycliste arriv\u00e9 \u00e0 bon port) pour l\u2019ap\u00e9ritif fourni (blanc cassis + goug\u00e8res). De nombreux cakes et g\u00e2teaux sal\u00e9s, apport\u00e9s par les adh\u00e9rents, compl\u00e9taient cet ap\u00e9ritif copieux. Le d\u00eener nous a ensuite \u00e9t\u00e9 servi dans la m\u00eame salle (entr\u00e9e, plat, fromage, dessert + vin blanc, ros\u00e9 et rouge \u00e0 discr\u00e9tion, caf\u00e9, infusions).<\/span><\/span><\/p>\n<p align=\"left\"><span style=\"font-family: Arial, sans-serif;\"><span style=\"font-size: medium;\">Ensuite, la soir\u00e9e a commenc\u00e9, anim\u00e9e dans un premier temps par Martial de La Vall\u00e9e de l\u2019Yonne. Il nous a propos\u00e9, entre autres, diff\u00e9rents jeux comme\u00a0: torito el morto, la vache qui t\u00e2che, de la magie auxquels des adh\u00e9rents ont particip\u00e9. Nous avons beaucoup ri\u00a0!G\u00e9rard, notre DJ a pris le relais pour quelques danses, mais la fatigue se faisait sentir car les participants s\u2019\u00e9taient lev\u00e9s t\u00f4t. La soir\u00e9e s\u2019est donc cl\u00f4tur\u00e9e vers 23 h.<\/span><\/span><\/p>\n<p align=\"left\"><span style=\"font-family: Arial, sans-serif;\"><span style=\"font-size: large;\"><b>Dimanche\u00a0:<\/b><\/span><\/span><\/p>\n<p align=\"left\"><span style=\"font-family: Arial, sans-serif;\"><span style=\"font-size: medium;\">7 h 45\u00a0: copieux petit d\u00e9jeuner sous forme de self.<\/span><\/span><\/p>\n<p align=\"left\"><span style=\"font-family: Arial, sans-serif;\"><span style=\"font-size: medium;\">Pour le pique-nique, chacun devait le composer comme il le souhaitait. Un buffet \u00e9tait pr\u00e9par\u00e9, des bo\u00eetes plastique \u00e0 disposition et il n\u2019y avait qu\u2019\u00e0 se servir. Des petites sacoches isothermes avec accumulateur de froid nous ont \u00e9t\u00e9 pr\u00eat\u00e9es par le Centre et ont \u00e9t\u00e9 rendues \u00e0 notre retour de randonn\u00e9e. Pour les boissons, elles \u00e9taient fournies \u00e9galement. En plus, douze bouteilles de vin nous ont \u00e9t\u00e9 offertes par le Centre.<\/span><\/span><\/p>\n<p align=\"left\"><span style=\"font-family: Arial, sans-serif;\"><span style=\"font-size: medium;\">Ensuite, comme nous partions \u00e0 pied du Centre pour notre randonn\u00e9e de 20 km, nous avons d\u00e9cid\u00e9 de laisser nos pique-niques sur nos si\u00e8ges du car. En effet, trois personnes ne randonnant pas, il \u00e9tait pr\u00e9vu que celles-ci nous rejoindraient en car sur notre lieu de pique-nique. Il n\u2019\u00e9tait donc pas n\u00e9cessaire de surcharger nos sacs \u00e0 dos\u00a0!<\/span><\/span><\/p>\n<p align=\"left\"><span style=\"font-family: Arial, sans-serif;\"><span style=\"font-size: medium;\">Nous voil\u00e0 donc partis pour notre randonn\u00e9e intitul\u00e9e \u00ab\u00a0D\u2019un ch\u00e2teau \u00e0 l\u2019autre\u00a0\u00bb. Apr\u00e8s une belle mont\u00e9e, nous sommes pass\u00e9s devant le ch\u00e2teau de Palteau, o\u00f9 aurait s\u00e9journ\u00e9 le Masque de Fer. Il est devenu un Centre de loisirs. Nous avons continu\u00e9 notre chemin au milieu de la for\u00eat et sommes arriv\u00e9s au Ch\u00e2teau du Fey, devenu la propri\u00e9t\u00e9 d\u2019un couple de psychiatres parisiens. Le propri\u00e9taire est d\u2019ailleurs venu vers nous pour nous expliquer que, pour faire face \u00e0 l\u2019entretien du ch\u00e2teau, il le louait beaucoup pour des r\u00e9ceptions, en particulier \u00e0 des Am\u00e9ricains. <\/span><\/span><\/p>\n<p align=\"left\"><span style=\"font-family: Arial, sans-serif;\"><span style=\"font-size: medium;\">Nous avons repris notre circuit et sommes descendus aux bords de l\u2019Yonne, \u00e0 Villecien, afin de retrouver nos camarades et pique-niquer agr\u00e9ablement. Au moment de repartir, deux adh\u00e9rents ont pr\u00e9f\u00e9r\u00e9 abandonner la marche et retourner au Centre en car avec les autres. Il est vrai qu\u2019il y avait un bon d\u00e9nivel\u00e9 (380 m) et nous n\u2019avions effectu\u00e9 que 12 km\u00a0! Il en restait 8\u00a0!<\/span><\/span><\/p>\n<p align=\"left\"><span style=\"font-family: Arial, sans-serif;\"><span style=\"font-size: medium;\">Apr\u00e8s cette pause d\u00e9jeuner, nous nous sommes mis en route pour parcourir le reste de notre circuit vallonn\u00e9.<\/span><\/span><\/p>\n<p align=\"left\"><span style=\"font-family: Arial, sans-serif;\"><span style=\"font-size: medium;\">A 16 h, de retour au Centre, le go\u00fbter nous attendait avec les g\u00e2teaux et les boissons fournis par les membres du Bureau. Beaucoup d\u2019entre nous ont profit\u00e9 des chaises install\u00e9es sur la terrasse pour se d\u00e9tendre.<\/span><\/span><\/p>\n<p align=\"left\"><span style=\"font-family: Arial, sans-serif;\"><span style=\"font-size: medium;\">Mais, avant de partir, Daniel a propos\u00e9 aux volontaires une s\u00e9ance d\u2019\u00e9tirements, salutaires apr\u00e8s une longue journ\u00e9e de randonn\u00e9e.<\/span><\/span><\/p>\n<p align=\"left\"><span style=\"font-family: Arial, sans-serif;\"><span style=\"font-size: medium;\">A 17 h, d\u00e9part du car pour le Mesnil o\u00f9 nous sommes arriv\u00e9s vers 19 h 30, fatigu\u00e9s mais contents. Nous avons eu beaucoup de chance au point de vue m\u00e9t\u00e9o, car la pluie est arriv\u00e9e seulement sur le trajet du retour.<\/span><\/span><\/p>\n<p align=\"left\"><span style=\"font-family: Arial, sans-serif;\"><span style=\"font-size: medium;\">Il est \u00e0 noter que les participants \u00e0 ce week-end ont toujours \u00e9t\u00e9 \u00e0 l\u2019heure, une ambiance sympathique et conviviale a r\u00e9gn\u00e9 tout au long de ces deux journ\u00e9es, ce qui est tr\u00e8s appr\u00e9ciable.\u00a0<\/span><\/span><span style=\"font-family: Arial, sans-serif;\"><span style=\"font-size: medium;\">Merci aux p\u00e2tissiers et aux photographes.<\/span><\/span><\/p>\n<p><a href=\"http:\/\/www.asmdmarche.fr\/blog\/?page_id=11&amp;wppa-album=319&amp;wppa-slide&amp;wppa-occur=1\" target=\"_blank\" rel=\"noopener\">Voir les photos<\/a><\/p>\n<p><a href=\"https:\/\/www.grosfichiers.com\/XfNHYWQVnWr\" target=\"_blank\" rel=\"noopener\">T\u00e9l\u00e9charger et exploiter le fichier gpx du samedi<\/a><\/p>\n<p><a href=\"https:\/\/www.grosfichiers.com\/HbQsMBJavNd\" target=\"_blank\" rel=\"noopener\">T\u00e9l\u00e9charger &amp; exploiter le fichier gpx du dimanche<\/a><\/p>\n<p><a href=\"http:\/\/www.asmdmarche.fr\/blog\/?p=2684\" target=\"_blank\" rel=\"noopener\">Comment faire?<\/a><\/p>\n","protected":false},"excerpt":{"rendered":"<p>Samedi\u00a0: Nous \u00e9tions 54 adh\u00e9rents \u00e0 participer \u00e0 ce voyage dont 51 prenaient le car au d\u00e9part du Mesnil, 2 nous ont rejoints en voiture et 1 a effectu\u00e9 le trajet \u00e0 v\u00e9lo (168 km).<\/p>\n","protected":false},"author":10,"featured_media":0,"comment_status":"open","ping_status":"closed","sticky":false,"template":"","format":"standard","meta":[],"categories":[3],"tags":[],"_links":{"self":[{"href":"http:\/\/www.asmdmarche.fr\/blog\/index.php?rest_route=\/wp\/v2\/posts\/4403"}],"collection":[{"href":"http:\/\/www.asmdmarche.fr\/blog\/index.php?rest_route=\/wp\/v2\/posts"}],"about":[{"href":"http:\/\/www.asmdmarche.fr\/blog\/index.php?rest_route=\/wp\/v2\/types\/post"}],"author":[{"embeddable":true,"href":"http:\/\/www.asmdmarche.fr\/blog\/index.php?rest_route=\/wp\/v2\/users\/10"}],"replies":[{"embeddable":true,"href":"http:\/\/www.asmdmarche.fr\/blog\/index.php?rest_route=%2Fwp%2Fv2%2Fcomments&post=4403"}],"version-history":[{"count":8,"href":"http:\/\/www.asmdmarche.fr\/blog\/index.php?rest_route=\/wp\/v2\/posts\/4403\/revisions"}],"predecessor-version":[{"id":4411,"href":"http:\/\/www.asmdmarche.fr\/blog\/index.php?rest_route=\/wp\/v2\/posts\/4403\/revisions\/4411"}],"wp:attachment":[{"href":"http:\/\/www.asmdmarche.fr\/blog\/index.php?rest_route=%2Fwp%2Fv2%2Fmedia&parent=4403"}],"wp:term":[{"taxonomy":"category","embeddable":true,"href":"http:\/\/www.asmdmarche.fr\/blog\/index.php?rest_route=%2Fwp%2Fv2%2Fcategories&post=4403"},{"taxonomy":"post_tag","embeddable":true,"href":"http:\/\/www.asmdmarche.fr\/blog\/index.php?rest_route=%2Fwp%2Fv2%2Ftags&post=4403"}],"curies":[{"name":"wp","href":"https:\/\/api.w.org\/{rel}","templated":true}]}}