{"id":4395,"date":"2019-05-22T18:19:13","date_gmt":"2019-05-22T16:19:13","guid":{"rendered":"http:\/\/www.asmdmarche.fr\/blog\/?p=4395"},"modified":"2019-12-18T14:18:07","modified_gmt":"2019-12-18T13:18:07","slug":"mardi-21-mai","status":"publish","type":"post","link":"http:\/\/www.asmdmarche.fr\/blog\/?p=4395","title":{"rendered":"Mardi 21 mai"},"content":{"rendered":"<p><img src=\"http:\/\/www.asmdmarche.fr\/blog\/wp-content\/uploads\/wppa\/6399.jpg\" \/><\/p>\n<p>23 marcheurs pr\u00e9sents au d\u00e9part du parking des mar\u00e9chaux pour une boucle de 12,3 km,\u00a0 12 autres marcheurs ont pris le d\u00e9part du m\u00eame endroit pour effectuer la boucle de 9 km de la petite randonn\u00e9e.\u00a0Notre photographe \u00e9tant absent excus\u00e9 il y a peu de photos de la grande marche. Jean-Pierre.<\/p>\n<p><!--more--><\/p>\n<p>Une belle balade d&rsquo;environ 8 kms, compos\u00e9e de 12 marcheuses(eurs), inclus nos accompagnateurs et guides, Chantal et Jean-Pierre, dans le bois des Mar\u00e9chaux avec une m\u00e9t\u00e9o printani\u00e8re. Nous avons crois\u00e9s la grande marche au d\u00e9marrage puis nous sommes retrouv\u00e9s pour la collation dans une ambiance pleine de bonne humeur. Les pauses techniques nous ont permis de cueillir quelques brins de muguet qui attendaient sans doute notre passage. Un bon moment de d\u00e9tente foresti\u00e8re. Dominique.<\/p>\n<p><a href=\"http:\/\/www.asmdmarche.fr\/blog\/?page_id=11&amp;wppa-album=317&amp;wppa-photo=6415&amp;wppa-cover=0&amp;wppa-occur=1\" target=\"_blank\" rel=\"noopener noreferrer\">Voir les photos de Dominique pour la petite marche<\/a><\/p>\n<p><a href=\"https:\/\/www.grosfichiers.com\/bxzkQ2pta4N\" target=\"_blank\" rel=\"noopener noreferrer\">Telecharger &amp; exploiter le fichier gpx de la petite marche<\/a><\/p>\n<p><a href=\"https:\/\/www.grosfichiers.com\/U8ATdbxKrsb\" target=\"_blank\" rel=\"noopener noreferrer\">T\u00e9l\u00e9charger &amp; exploiter le fichier gpx de la grande marche<\/a><\/p>\n<p><a href=\"http:\/\/www.asmdmarche.fr\/blog\/?p=2684\" target=\"_blank\" rel=\"noopener noreferrer\">Comment faire?<\/a><\/p>\n<p>&nbsp;<\/p>\n<p>&nbsp;<\/p>\n","protected":false},"excerpt":{"rendered":"<p>23 marcheurs pr\u00e9sents au d\u00e9part du parking des mar\u00e9chaux pour une boucle de 12,3 km,\u00a0 12 autres marcheurs ont pris le d\u00e9part du m\u00eame endroit pour effectuer la boucle de 9 km de la petite randonn\u00e9e.\u00a0Notre photographe \u00e9tant absent excus\u00e9 il y a peu de photos de la grande marche. Jean-Pierre.<\/p>\n","protected":false},"author":10,"featured_media":0,"comment_status":"open","ping_status":"closed","sticky":false,"template":"","format":"standard","meta":[],"categories":[3],"tags":[],"_links":{"self":[{"href":"http:\/\/www.asmdmarche.fr\/blog\/index.php?rest_route=\/wp\/v2\/posts\/4395"}],"collection":[{"href":"http:\/\/www.asmdmarche.fr\/blog\/index.php?rest_route=\/wp\/v2\/posts"}],"about":[{"href":"http:\/\/www.asmdmarche.fr\/blog\/index.php?rest_route=\/wp\/v2\/types\/post"}],"author":[{"embeddable":true,"href":"http:\/\/www.asmdmarche.fr\/blog\/index.php?rest_route=\/wp\/v2\/users\/10"}],"replies":[{"embeddable":true,"href":"http:\/\/www.asmdmarche.fr\/blog\/index.php?rest_route=%2Fwp%2Fv2%2Fcomments&post=4395"}],"version-history":[{"count":7,"href":"http:\/\/www.asmdmarche.fr\/blog\/index.php?rest_route=\/wp\/v2\/posts\/4395\/revisions"}],"predecessor-version":[{"id":4611,"href":"http:\/\/www.asmdmarche.fr\/blog\/index.php?rest_route=\/wp\/v2\/posts\/4395\/revisions\/4611"}],"wp:attachment":[{"href":"http:\/\/www.asmdmarche.fr\/blog\/index.php?rest_route=%2Fwp%2Fv2%2Fmedia&parent=4395"}],"wp:term":[{"taxonomy":"category","embeddable":true,"href":"http:\/\/www.asmdmarche.fr\/blog\/index.php?rest_route=%2Fwp%2Fv2%2Fcategories&post=4395"},{"taxonomy":"post_tag","embeddable":true,"href":"http:\/\/www.asmdmarche.fr\/blog\/index.php?rest_route=%2Fwp%2Fv2%2Ftags&post=4395"}],"curies":[{"name":"wp","href":"https:\/\/api.w.org\/{rel}","templated":true}]}}