{"id":4218,"date":"2019-02-21T09:29:01","date_gmt":"2019-02-21T08:29:01","guid":{"rendered":"http:\/\/www.asmdmarche.fr\/blog\/?p=4218"},"modified":"2019-12-18T14:18:33","modified_gmt":"2019-12-18T13:18:33","slug":"mardi-19-fevrier-rando-creperie","status":"publish","type":"post","link":"http:\/\/www.asmdmarche.fr\/blog\/?p=4218","title":{"rendered":"Mardi 19 f\u00e9vrier. Rando cr\u00e9perie"},"content":{"rendered":"<p><img src=\"http:\/\/www.asmdmarche.fr\/blog\/wp-content\/uploads\/wppa\/5868.jpg\" \/><\/p>\n<p><img src=\"http:\/\/www.asmdmarche.fr\/blog\/wp-content\/uploads\/wppa\/5842.jpg\" \/><\/p>\n<p>&nbsp;<\/p>\n<p>32 randonneurs \u00e9taient pr\u00e9sents au d\u00e9part du Mesnil pour un parcours \u00e0 pied de 12 km vers la cr\u00e9perie de Chevreuse. 5 personnes ont rejoint le groupe pour le d\u00e9jeuner.<\/p>\n<p>26 marcheurs ont pris le chemin de retour \u00e0 pied de 9 km et 2 kc (Kilocr\u00e9pes).<\/p>\n<p><!--more--><\/p>\n<p><a href=\"http:\/\/www.asmdmarche.fr\/blog\/?page_id=11&amp;wppa-album=298&amp;wppa-photo=5860&amp;wppa-cover=0&amp;wppa-occur=1\" target=\"_blank\" rel=\"noopener noreferrer\">Voir les photos de G\u00e9rard<\/a><\/p>\n<p><a href=\"https:\/\/www.grosfichiers.com\/9MCJxWCwzviKi\" target=\"_blank\" rel=\"noopener noreferrer\">T\u00e9l\u00e9charger &amp; exploiter le fichier gpx<\/a><\/p>\n<p><a href=\"http:\/\/www.asmdmarche.fr\/blog\/?p=2684\" target=\"_blank\" rel=\"noopener noreferrer\">Comment faire?<\/a><\/p>\n<p>&nbsp;<\/p>\n<p>&nbsp;<\/p>\n","protected":false},"excerpt":{"rendered":"<p>&nbsp; 32 randonneurs \u00e9taient pr\u00e9sents au d\u00e9part du Mesnil pour un parcours \u00e0 pied de 12 km vers la cr\u00e9perie de Chevreuse. 5 personnes ont rejoint le groupe pour le d\u00e9jeuner. 26 marcheurs ont pris le chemin de retour \u00e0 pied de 9 km et 2 kc (Kilocr\u00e9pes).<\/p>\n","protected":false},"author":10,"featured_media":0,"comment_status":"open","ping_status":"closed","sticky":false,"template":"","format":"standard","meta":[],"categories":[3],"tags":[],"_links":{"self":[{"href":"http:\/\/www.asmdmarche.fr\/blog\/index.php?rest_route=\/wp\/v2\/posts\/4218"}],"collection":[{"href":"http:\/\/www.asmdmarche.fr\/blog\/index.php?rest_route=\/wp\/v2\/posts"}],"about":[{"href":"http:\/\/www.asmdmarche.fr\/blog\/index.php?rest_route=\/wp\/v2\/types\/post"}],"author":[{"embeddable":true,"href":"http:\/\/www.asmdmarche.fr\/blog\/index.php?rest_route=\/wp\/v2\/users\/10"}],"replies":[{"embeddable":true,"href":"http:\/\/www.asmdmarche.fr\/blog\/index.php?rest_route=%2Fwp%2Fv2%2Fcomments&post=4218"}],"version-history":[{"count":7,"href":"http:\/\/www.asmdmarche.fr\/blog\/index.php?rest_route=\/wp\/v2\/posts\/4218\/revisions"}],"predecessor-version":[{"id":4612,"href":"http:\/\/www.asmdmarche.fr\/blog\/index.php?rest_route=\/wp\/v2\/posts\/4218\/revisions\/4612"}],"wp:attachment":[{"href":"http:\/\/www.asmdmarche.fr\/blog\/index.php?rest_route=%2Fwp%2Fv2%2Fmedia&parent=4218"}],"wp:term":[{"taxonomy":"category","embeddable":true,"href":"http:\/\/www.asmdmarche.fr\/blog\/index.php?rest_route=%2Fwp%2Fv2%2Fcategories&post=4218"},{"taxonomy":"post_tag","embeddable":true,"href":"http:\/\/www.asmdmarche.fr\/blog\/index.php?rest_route=%2Fwp%2Fv2%2Ftags&post=4218"}],"curies":[{"name":"wp","href":"https:\/\/api.w.org\/{rel}","templated":true}]}}