{"id":3898,"date":"2018-09-26T10:20:09","date_gmt":"2018-09-26T09:20:09","guid":{"rendered":"http:\/\/www.asmdmarche.fr\/blog\/?p=3898"},"modified":"2018-09-26T12:43:19","modified_gmt":"2018-09-26T11:43:19","slug":"mardi-25-septembre-rando-pique-nique","status":"publish","type":"post","link":"http:\/\/www.asmdmarche.fr\/blog\/?p=3898","title":{"rendered":"Mardi 25 septembre.   Rando pique-nique"},"content":{"rendered":"<p><a href=\"http:\/\/www.asmdmarche.fr\/blog\/wp-content\/uploads\/2018\/09\/Mardi-25-septembre0026.jpg\"><img loading=\"lazy\" class=\"alignnone size-medium wp-image-3899\" src=\"http:\/\/www.asmdmarche.fr\/blog\/wp-content\/uploads\/2018\/09\/Mardi-25-septembre0026-300x201.jpg\" alt=\"\" width=\"300\" height=\"201\" srcset=\"http:\/\/www.asmdmarche.fr\/blog\/wp-content\/uploads\/2018\/09\/Mardi-25-septembre0026-300x201.jpg 300w, http:\/\/www.asmdmarche.fr\/blog\/wp-content\/uploads\/2018\/09\/Mardi-25-septembre0026-768x516.jpg 768w, http:\/\/www.asmdmarche.fr\/blog\/wp-content\/uploads\/2018\/09\/Mardi-25-septembre0026-600x403.jpg 600w, http:\/\/www.asmdmarche.fr\/blog\/wp-content\/uploads\/2018\/09\/Mardi-25-septembre0026.jpg 800w\" sizes=\"(max-width: 300px) 100vw, 300px\" \/><\/a><\/p>\n<p><span style=\"color: #000000;\"><span style=\"font-family: Ubuntu;\"><span style=\"font-size: small;\">Aujourd\u2019hui , rando pique-nique au d\u00e9part de l\u2019\u00e9tang de Saint-R\u00e9my-les-Chevreuse, <\/span><\/span><\/span><span style=\"color: #000000;\"><span style=\"font-family: Ubuntu;\"><span style=\"font-size: small;\">faisant office de reconnaissance du parcours pour les \u00ab\u00a0<\/span><\/span><\/span><span style=\"color: #000000;\"><span style=\"font-family: Ubuntu;\"><span style=\"font-size: small;\">Virades\u00a0<\/span><\/span><\/span><span style=\"color: #000000;\"><span style=\"font-family: Ubuntu;\"><span style=\"font-size: small;\">de l\u2019espoir\u00a0\u00bb<\/span><\/span><\/span><span style=\"color: #000000;\"><span style=\"font-family: Ubuntu;\"><span style=\"font-size: small;\">. <\/span><\/span><\/span><span style=\"color: #000000;\"><span style=\"font-family: Ubuntu;\"><span style=\"font-size: small;\">Le soleil et la fra\u00eecheur sont au rendez-vous,\u00a0<\/span><\/span><\/span><span style=\"color: #000000;\"><span style=\"font-family: Ubuntu;\"><span style=\"font-size: small;\">33 randonneurs pr\u00e9sents, dont <\/span><\/span><\/span><span style=\"color: #000000;\"><span style=\"font-family: Ubuntu;\"><span style=\"font-size: small;\">7,5 <\/span><\/span><\/span><span style=\"color: #000000;\"><span style=\"font-family: Ubuntu;\"><span style=\"font-size: small;\">pour la petite marche<\/span><\/span><\/span><span style=\"color: #000000;\"><span style=\"font-family: Ubuntu;\"><span style=\"font-size: small;\">(le petit Thomas accompagne sa maman <\/span><\/span><\/span><span style=\"color: #000000;\"><span style=\"font-family: Ubuntu;\"><span style=\"font-size: small;\">bien au chaud dans la poche ventrale<\/span><\/span><\/span><span style=\"color: #000000;\"><span style=\"font-family: Ubuntu;\"><span style=\"font-size: small;\">)<\/span><\/span><\/span><span style=\"color: #000000;\"><span style=\"font-family: Ubuntu;\"><span style=\"font-size: small;\">.<\/span><\/span><\/span><\/p>\n<p><span style=\"color: #000000;\"><span style=\"font-family: Ubuntu;\"><span style=\"font-size: small;\">Parcours agr\u00e9able et vari\u00e9, entrecoup\u00e9 par la pose pique-nique prise dans une petite clairi\u00e8re ensoleill<\/span><\/span><\/span><span style=\"color: #000000;\"><span style=\"font-family: Ubuntu;\"><span style=\"font-size: small;\">\u00e9e\u00a0<\/span><\/span><\/span><span style=\"color: #000000;\"><span style=\"font-family: Ubuntu;\"><span style=\"font-size: small;\">en lisi\u00e8re de la plaine de Chevreuse<\/span><\/span><\/span><span style=\"color: #000000;\"><span style=\"font-family: Ubuntu;\"><span style=\"font-size: small;\">, <\/span><\/span><\/span><span style=\"color: #000000;\"><span style=\"font-family: Ubuntu;\"><span style=\"font-size: small;\">o\u00f9 petite et grande marche<\/span><\/span><\/span><span style=\"color: #000000;\"><span style=\"font-family: Ubuntu;\"><span style=\"font-size: small;\">s<\/span><\/span><\/span><span style=\"color: #000000;\"><span style=\"font-family: Ubuntu;\"><span style=\"font-size: small;\"> se sont retrouv\u00e9es. Dans une joyeuse bonne humeur, chacun <\/span><\/span><\/span><span style=\"color: #000000;\"><span style=\"font-family: Ubuntu;\"><span style=\"font-size: small;\">a<\/span><\/span><\/span><span style=\"color: #000000;\"><span style=\"font-family: Ubuntu;\"><span style=\"font-size: small;\"> pu partager et go\u00fbter les victuailles de son voisin. 17 km de plus au compteur avec 371 m de d\u00e9nivel\u00e9s positifs et n\u00e9gatifs. Encore une belle journ\u00e9e.<\/span><\/span><\/span><\/p>\n<p><a href=\"http:\/\/www.asmdmarche.fr\/blog\/?page_id=11&amp;wppa-album=265&amp;wppa-slide&amp;wppa-occur=1\" target=\"_blank\" rel=\"noopener noreferrer\">Voir les photos de Dominique et G\u00e9rard<\/a><\/p>\n<p><a href=\"https:\/\/www.grosfichiers.com\/7KAH0clpqHtdp\" target=\"_blank\" rel=\"noopener noreferrer\">T\u00e9l\u00e9charger et exploiter le fichier gpx de la rando<\/a><\/p>\n<p><span style=\"color: #000000;\"><span style=\"font-family: Ubuntu;\"><span style=\"font-size: small;\"><a href=\"http:\/\/www.asmdmarche.fr\/blog\/?p=2684\" target=\"_blank\" rel=\"noopener noreferrer\">Comment faire?<\/a><\/span><\/span><\/span><\/p>\n<p>&nbsp;<\/p>\n","protected":false},"excerpt":{"rendered":"<p>Aujourd\u2019hui , rando pique-nique au d\u00e9part de l\u2019\u00e9tang de Saint-R\u00e9my-les-Chevreuse, faisant office de reconnaissance du parcours pour les \u00ab\u00a0Virades\u00a0de l\u2019espoir\u00a0\u00bb. Le soleil et la fra\u00eecheur sont au rendez-vous,\u00a033 randonneurs pr\u00e9sents, dont 7,5 pour la petite marche(le petit Thomas accompagne sa maman bien au chaud dans la poche ventrale). Parcours agr\u00e9able et vari\u00e9, entrecoup\u00e9 par la [&hellip;]<\/p>\n","protected":false},"author":10,"featured_media":0,"comment_status":"open","ping_status":"closed","sticky":false,"template":"","format":"standard","meta":[],"categories":[3],"tags":[],"_links":{"self":[{"href":"http:\/\/www.asmdmarche.fr\/blog\/index.php?rest_route=\/wp\/v2\/posts\/3898"}],"collection":[{"href":"http:\/\/www.asmdmarche.fr\/blog\/index.php?rest_route=\/wp\/v2\/posts"}],"about":[{"href":"http:\/\/www.asmdmarche.fr\/blog\/index.php?rest_route=\/wp\/v2\/types\/post"}],"author":[{"embeddable":true,"href":"http:\/\/www.asmdmarche.fr\/blog\/index.php?rest_route=\/wp\/v2\/users\/10"}],"replies":[{"embeddable":true,"href":"http:\/\/www.asmdmarche.fr\/blog\/index.php?rest_route=%2Fwp%2Fv2%2Fcomments&post=3898"}],"version-history":[{"count":3,"href":"http:\/\/www.asmdmarche.fr\/blog\/index.php?rest_route=\/wp\/v2\/posts\/3898\/revisions"}],"predecessor-version":[{"id":3904,"href":"http:\/\/www.asmdmarche.fr\/blog\/index.php?rest_route=\/wp\/v2\/posts\/3898\/revisions\/3904"}],"wp:attachment":[{"href":"http:\/\/www.asmdmarche.fr\/blog\/index.php?rest_route=%2Fwp%2Fv2%2Fmedia&parent=3898"}],"wp:term":[{"taxonomy":"category","embeddable":true,"href":"http:\/\/www.asmdmarche.fr\/blog\/index.php?rest_route=%2Fwp%2Fv2%2Fcategories&post=3898"},{"taxonomy":"post_tag","embeddable":true,"href":"http:\/\/www.asmdmarche.fr\/blog\/index.php?rest_route=%2Fwp%2Fv2%2Ftags&post=3898"}],"curies":[{"name":"wp","href":"https:\/\/api.w.org\/{rel}","templated":true}]}}