{"id":3167,"date":"2017-05-24T07:52:48","date_gmt":"2017-05-24T06:52:48","guid":{"rendered":"http:\/\/www.asmdmarche.fr\/blog\/?p=3167"},"modified":"2017-05-24T07:52:48","modified_gmt":"2017-05-24T06:52:48","slug":"dimanche-21-mai-autour-des-mesnuls","status":"publish","type":"post","link":"http:\/\/www.asmdmarche.fr\/blog\/?p=3167","title":{"rendered":"Dimanche 21 mai     Autour des Mesnuls"},"content":{"rendered":"<p><img loading=\"lazy\" class=\"size-medium wp-image-3168 aligncenter\" src=\"http:\/\/www.asmdmarche.fr\/blog\/wp-content\/uploads\/2017\/05\/Dimanche-21-mai0011-300x200.jpg\" alt=\"\" width=\"300\" height=\"200\" srcset=\"http:\/\/www.asmdmarche.fr\/blog\/wp-content\/uploads\/2017\/05\/Dimanche-21-mai0011-300x200.jpg 300w, http:\/\/www.asmdmarche.fr\/blog\/wp-content\/uploads\/2017\/05\/Dimanche-21-mai0011-768x512.jpg 768w, http:\/\/www.asmdmarche.fr\/blog\/wp-content\/uploads\/2017\/05\/Dimanche-21-mai0011-600x400.jpg 600w, http:\/\/www.asmdmarche.fr\/blog\/wp-content\/uploads\/2017\/05\/Dimanche-21-mai0011.jpg 800w\" sizes=\"(max-width: 300px) 100vw, 300px\" \/><\/p>\n<p>21 randonneurs pour une marche autour des Mesnuls, vari\u00e9e sur le plan des paysages et par un temps tr\u00e8s agr\u00e9able.<\/p>\n<p>Pause requinquante dans un coin de for\u00eat jouxtant la propri\u00e9t\u00e9 de <em>Y<\/em>ann Arthus-Bertrand, pr\u00e8s des magnifiques rhododendrons encore en fleurs malgr\u00e9 les pluies persistantes des jours pr\u00e9c\u00e9dents.<\/p>\n<p>3 petites heures de marche et photo traditionnelle devant le ch\u00e2teau des Mesnuls.<\/p>\n<p>V\u00e9ronique<\/p>\n<p><a href=\"http:\/\/www.asmdmarche.fr\/blog\/?page_id=11&amp;wppa-album=187&amp;wppa-slide&amp;wppa-occur=1\" target=\"_blank\" rel=\"noopener noreferrer\">Voir l&rsquo;album photos<\/a><\/p>\n","protected":false},"excerpt":{"rendered":"<p>21 randonneurs pour une marche autour des Mesnuls, vari\u00e9e sur le plan des paysages et par un temps tr\u00e8s agr\u00e9able. Pause requinquante dans un coin de for\u00eat jouxtant la propri\u00e9t\u00e9 de Yann Arthus-Bertrand, pr\u00e8s des magnifiques rhododendrons encore en fleurs malgr\u00e9 les pluies persistantes des jours pr\u00e9c\u00e9dents. 3 petites heures de marche et photo traditionnelle [&hellip;]<\/p>\n","protected":false},"author":10,"featured_media":0,"comment_status":"open","ping_status":"closed","sticky":false,"template":"","format":"standard","meta":[],"categories":[3],"tags":[],"_links":{"self":[{"href":"http:\/\/www.asmdmarche.fr\/blog\/index.php?rest_route=\/wp\/v2\/posts\/3167"}],"collection":[{"href":"http:\/\/www.asmdmarche.fr\/blog\/index.php?rest_route=\/wp\/v2\/posts"}],"about":[{"href":"http:\/\/www.asmdmarche.fr\/blog\/index.php?rest_route=\/wp\/v2\/types\/post"}],"author":[{"embeddable":true,"href":"http:\/\/www.asmdmarche.fr\/blog\/index.php?rest_route=\/wp\/v2\/users\/10"}],"replies":[{"embeddable":true,"href":"http:\/\/www.asmdmarche.fr\/blog\/index.php?rest_route=%2Fwp%2Fv2%2Fcomments&post=3167"}],"version-history":[{"count":2,"href":"http:\/\/www.asmdmarche.fr\/blog\/index.php?rest_route=\/wp\/v2\/posts\/3167\/revisions"}],"predecessor-version":[{"id":3170,"href":"http:\/\/www.asmdmarche.fr\/blog\/index.php?rest_route=\/wp\/v2\/posts\/3167\/revisions\/3170"}],"wp:attachment":[{"href":"http:\/\/www.asmdmarche.fr\/blog\/index.php?rest_route=%2Fwp%2Fv2%2Fmedia&parent=3167"}],"wp:term":[{"taxonomy":"category","embeddable":true,"href":"http:\/\/www.asmdmarche.fr\/blog\/index.php?rest_route=%2Fwp%2Fv2%2Fcategories&post=3167"},{"taxonomy":"post_tag","embeddable":true,"href":"http:\/\/www.asmdmarche.fr\/blog\/index.php?rest_route=%2Fwp%2Fv2%2Ftags&post=3167"}],"curies":[{"name":"wp","href":"https:\/\/api.w.org\/{rel}","templated":true}]}}