{"id":3146,"date":"2017-05-18T09:24:13","date_gmt":"2017-05-18T08:24:13","guid":{"rendered":"http:\/\/www.asmdmarche.fr\/blog\/?p=3146"},"modified":"2017-05-19T07:09:32","modified_gmt":"2017-05-19T06:09:32","slug":"mardi-16-mai-les-mesnuls","status":"publish","type":"post","link":"http:\/\/www.asmdmarche.fr\/blog\/?p=3146","title":{"rendered":"Mardi 16 mai   Les Mesnuls"},"content":{"rendered":"<p><a href=\"http:\/\/www.asmdmarche.fr\/blog\/wp-content\/uploads\/2017\/05\/05-16-2017-4-a.jpg\"><img loading=\"lazy\" class=\"alignnone size-medium wp-image-3147\" src=\"http:\/\/www.asmdmarche.fr\/blog\/wp-content\/uploads\/2017\/05\/05-16-2017-4-a-300x201.jpg\" alt=\"\" width=\"300\" height=\"201\" srcset=\"http:\/\/www.asmdmarche.fr\/blog\/wp-content\/uploads\/2017\/05\/05-16-2017-4-a-300x201.jpg 300w, http:\/\/www.asmdmarche.fr\/blog\/wp-content\/uploads\/2017\/05\/05-16-2017-4-a-768x516.jpg 768w, http:\/\/www.asmdmarche.fr\/blog\/wp-content\/uploads\/2017\/05\/05-16-2017-4-a-1024x687.jpg 1024w, http:\/\/www.asmdmarche.fr\/blog\/wp-content\/uploads\/2017\/05\/05-16-2017-4-a-600x403.jpg 600w\" sizes=\"(max-width: 300px) 100vw, 300px\" \/><\/a><\/p>\n<p><strong>24 participants pour la grande marche\u00a0que nous avons raccourcie de 3 km, \u00e9tant partis un peu tard \u00e0 cause d&rsquo;une d\u00e9viation sur la route. Tr\u00e8s beau circuit ensoleill\u00e9 \u00e0 partir des Mesnuls\u00a0au cours duquel nous avons pu admirer de splendides rhododendrons. Nous avons partag\u00e9 une sympathique\u00a0collation avec les marcheurs de la petite randonn\u00e9e.<\/strong><\/p>\n<p><a href=\"http:\/\/www.asmdmarche.fr\/blog\/?page_id=11&amp;wppa-album=186&amp;wppa-cover=0&amp;wppa-occur=1\" target=\"_blank\" rel=\"noopener noreferrer\">Voir les photos de G\u00e9rard<\/a><\/p>\n<p><a href=\"https:\/\/www.grosfichiers.com\/ANDfnV5QQMNBD\" target=\"_blank\" rel=\"noopener noreferrer\">T\u00e9l\u00e9charger et exploiter le fichier GPX de la rando<\/a><\/p>\n<p><a href=\"http:\/\/www.asmdmarche.fr\/blog\/?p=2684\" target=\"_blank\" rel=\"noopener noreferrer\">Comment faire?<\/a><\/p>\n<p>&nbsp;<\/p>\n<p>&nbsp;<\/p>\n","protected":false},"excerpt":{"rendered":"<p>24 participants pour la grande marche\u00a0que nous avons raccourcie de 3 km, \u00e9tant partis un peu tard \u00e0 cause d&rsquo;une d\u00e9viation sur la route. Tr\u00e8s beau circuit ensoleill\u00e9 \u00e0 partir des Mesnuls\u00a0au cours duquel nous avons pu admirer de splendides rhododendrons. Nous avons partag\u00e9 une sympathique\u00a0collation avec les marcheurs de la petite randonn\u00e9e. Voir les [&hellip;]<\/p>\n","protected":false},"author":10,"featured_media":0,"comment_status":"open","ping_status":"closed","sticky":false,"template":"","format":"standard","meta":[],"categories":[3],"tags":[],"_links":{"self":[{"href":"http:\/\/www.asmdmarche.fr\/blog\/index.php?rest_route=\/wp\/v2\/posts\/3146"}],"collection":[{"href":"http:\/\/www.asmdmarche.fr\/blog\/index.php?rest_route=\/wp\/v2\/posts"}],"about":[{"href":"http:\/\/www.asmdmarche.fr\/blog\/index.php?rest_route=\/wp\/v2\/types\/post"}],"author":[{"embeddable":true,"href":"http:\/\/www.asmdmarche.fr\/blog\/index.php?rest_route=\/wp\/v2\/users\/10"}],"replies":[{"embeddable":true,"href":"http:\/\/www.asmdmarche.fr\/blog\/index.php?rest_route=%2Fwp%2Fv2%2Fcomments&post=3146"}],"version-history":[{"count":3,"href":"http:\/\/www.asmdmarche.fr\/blog\/index.php?rest_route=\/wp\/v2\/posts\/3146\/revisions"}],"predecessor-version":[{"id":3156,"href":"http:\/\/www.asmdmarche.fr\/blog\/index.php?rest_route=\/wp\/v2\/posts\/3146\/revisions\/3156"}],"wp:attachment":[{"href":"http:\/\/www.asmdmarche.fr\/blog\/index.php?rest_route=%2Fwp%2Fv2%2Fmedia&parent=3146"}],"wp:term":[{"taxonomy":"category","embeddable":true,"href":"http:\/\/www.asmdmarche.fr\/blog\/index.php?rest_route=%2Fwp%2Fv2%2Fcategories&post=3146"},{"taxonomy":"post_tag","embeddable":true,"href":"http:\/\/www.asmdmarche.fr\/blog\/index.php?rest_route=%2Fwp%2Fv2%2Ftags&post=3146"}],"curies":[{"name":"wp","href":"https:\/\/api.w.org\/{rel}","templated":true}]}}