{"id":3120,"date":"2017-05-19T21:40:07","date_gmt":"2017-05-19T20:40:07","guid":{"rendered":"http:\/\/www.asmdmarche.fr\/blog\/?p=3120"},"modified":"2017-05-19T21:40:07","modified_gmt":"2017-05-19T20:40:07","slug":"cr-du-we-en-normandie","status":"publish","type":"post","link":"http:\/\/www.asmdmarche.fr\/blog\/?p=3120","title":{"rendered":"CR du WE en Normandie"},"content":{"rendered":"<p style=\"text-align: center;\"><strong><a href=\"http:\/\/www.asmdmarche.fr\/blog\/wp-content\/uploads\/2017\/05\/1.jpg\"><img loading=\"lazy\" class=\"alignnone wp-image-3122\" src=\"http:\/\/www.asmdmarche.fr\/blog\/wp-content\/uploads\/2017\/05\/1-300x225.jpg\" alt=\"\" width=\"159\" height=\"119\" srcset=\"http:\/\/www.asmdmarche.fr\/blog\/wp-content\/uploads\/2017\/05\/1-300x225.jpg 300w, http:\/\/www.asmdmarche.fr\/blog\/wp-content\/uploads\/2017\/05\/1-768x576.jpg 768w, http:\/\/www.asmdmarche.fr\/blog\/wp-content\/uploads\/2017\/05\/1.jpg 1024w, http:\/\/www.asmdmarche.fr\/blog\/wp-content\/uploads\/2017\/05\/1-600x450.jpg 600w\" sizes=\"(max-width: 159px) 100vw, 159px\" \/><\/a><\/strong><\/p>\n<p>Nous \u00e9tions 54 adh\u00e9rents \u00e0 participer \u00e0 ce week-end dans la r\u00e9gion de F\u00e9camp et d\u2019Etretat. Pour la premi\u00e8re fois, nous avions d\u00e9cid\u00e9 d\u2019effectuer le voyage en car, au d\u00e9part du Mesnil, \u00e9vitant ainsi beaucoup de fatigue.<\/p>\n<p><span style=\"color: #ff0000;\"><strong><a href=\"http:\/\/www.asmdmarche.fr\/blog\/wp-content\/uploads\/2017\/05\/b.jpg\"><img loading=\"lazy\" class=\" wp-image-3157 aligncenter\" src=\"http:\/\/www.asmdmarche.fr\/blog\/wp-content\/uploads\/2017\/05\/b-300x201.jpg\" alt=\"\" width=\"251\" height=\"168\" srcset=\"http:\/\/www.asmdmarche.fr\/blog\/wp-content\/uploads\/2017\/05\/b-300x201.jpg 300w, http:\/\/www.asmdmarche.fr\/blog\/wp-content\/uploads\/2017\/05\/b-768x516.jpg 768w, http:\/\/www.asmdmarche.fr\/blog\/wp-content\/uploads\/2017\/05\/b-600x403.jpg 600w, http:\/\/www.asmdmarche.fr\/blog\/wp-content\/uploads\/2017\/05\/b.jpg 800w\" sizes=\"(max-width: 251px) 100vw, 251px\" \/><\/a><\/strong><\/span><\/p>\n<p><em>\u00a0\u00a0\u00a0\u00a0\u00a0\u00a0\u00a0\u00a0\u00a0\u00a0\u00a0\u00a0\u00a0\u00a0\u00a0\u00a0\u00a0\u00a0\u00a0 \ud83d\ude42 10 h\u00a0: arr\u00eat du car\u00a0: Jean-Luc dort profond\u00e9ment et reste enferm\u00e9 dans le car.<\/em><\/p>\n<p><em>\u00a0\u00a0\u00a0\u00a0\u00a0\u00a0\u00a0\u00a0\u00a0\u00a0\u00a0\u00a0\u00a0\u00a0\u00a0\u00a0\u00a0\u00a0\u00a0 \ud83d\ude42 11h30\u00a0: nous prenons une auto-stoppeuse de 90 ans sur le bord de la route (la maman de V\u00e9ronique).<\/em><\/p>\n<p><a href=\"http:\/\/www.asmdmarche.fr\/blog\/wp-content\/uploads\/2017\/05\/2.jpg\"><img loading=\"lazy\" class=\" wp-image-3123 aligncenter\" src=\"http:\/\/www.asmdmarche.fr\/blog\/wp-content\/uploads\/2017\/05\/2-300x225.jpg\" alt=\"\" width=\"212\" height=\"159\" srcset=\"http:\/\/www.asmdmarche.fr\/blog\/wp-content\/uploads\/2017\/05\/2-300x225.jpg 300w, http:\/\/www.asmdmarche.fr\/blog\/wp-content\/uploads\/2017\/05\/2-768x576.jpg 768w, http:\/\/www.asmdmarche.fr\/blog\/wp-content\/uploads\/2017\/05\/2.jpg 1024w, http:\/\/www.asmdmarche.fr\/blog\/wp-content\/uploads\/2017\/05\/2-600x450.jpg 600w\" sizes=\"(max-width: 212px) 100vw, 212px\" \/><\/a><\/p>\n<p>Le car nous a d\u00e9pos\u00e9s sur le Front de mer \u00e0 F\u00e9camp pour d\u00e9jeuner o\u00f9, assis sur les galets face \u00e0 la mer et avec le soleil, nous avons pique-niqu\u00e9.<\/p>\n<p><em>\u00a0\u00a0\u00a0\u00a0\u00a0\u00a0\u00a0\u00a0\u00a0\u00a0\u00a0\u00a0\u00a0\u00a0\u00a0\u00a0\u00a0\u00a0 \ud83d\ude09 12h les pieds dans l\u2019eau pour 4 marcheurs avant la grosse vague<\/em><em><br \/>\n<\/em><\/p>\n<p style=\"text-align: center;\"><a href=\"http:\/\/www.asmdmarche.fr\/blog\/wp-content\/uploads\/2017\/05\/3.jpg\"><img loading=\"lazy\" class=\"wp-image-3124 aligncenter\" src=\"http:\/\/www.asmdmarche.fr\/blog\/wp-content\/uploads\/2017\/05\/3-300x225.jpg\" alt=\"\" width=\"237\" height=\"178\" srcset=\"http:\/\/www.asmdmarche.fr\/blog\/wp-content\/uploads\/2017\/05\/3-300x225.jpg 300w, http:\/\/www.asmdmarche.fr\/blog\/wp-content\/uploads\/2017\/05\/3-768x576.jpg 768w, http:\/\/www.asmdmarche.fr\/blog\/wp-content\/uploads\/2017\/05\/3.jpg 1024w, http:\/\/www.asmdmarche.fr\/blog\/wp-content\/uploads\/2017\/05\/3-600x450.jpg 600w\" sizes=\"(max-width: 237px) 100vw, 237px\" \/><\/a><\/p>\n<p><strong><em>\u00a0<\/em><\/strong>Apr\u00e8s un quartier libre, une visite guid\u00e9e \u00e0 14 h nous attendait au Palais de la B\u00e9n\u00e9dictine, palais-usine cr\u00e9\u00e9 par Alexandre Le Grand au XIXe si\u00e8cle. Palais d\u2019architecture flamboyante, d\u2019inspiration gothique et renaissance, il abrite un mus\u00e9e d\u2019art ancien, l\u2019unique distillerie B\u00e9n\u00e9dictine au monde et les caves de vieillissement. La visite se terminait par une d\u00e9gustation et offrait la possibilit\u00e9 d\u2019achat des diff\u00e9rents produits.<\/p>\n<p>&nbsp;<\/p>\n<p style=\"text-align: center;\"><span style=\"color: #ff0000;\"><strong><a href=\"http:\/\/www.asmdmarche.fr\/blog\/wp-content\/uploads\/2017\/05\/zb16.jpg\"><img loading=\"lazy\" class=\"alignnone size-medium wp-image-3159\" src=\"http:\/\/www.asmdmarche.fr\/blog\/wp-content\/uploads\/2017\/05\/zb16-300x201.jpg\" alt=\"\" width=\"300\" height=\"201\" srcset=\"http:\/\/www.asmdmarche.fr\/blog\/wp-content\/uploads\/2017\/05\/zb16-300x201.jpg 300w, http:\/\/www.asmdmarche.fr\/blog\/wp-content\/uploads\/2017\/05\/zb16-768x516.jpg 768w, http:\/\/www.asmdmarche.fr\/blog\/wp-content\/uploads\/2017\/05\/zb16-600x403.jpg 600w, http:\/\/www.asmdmarche.fr\/blog\/wp-content\/uploads\/2017\/05\/zb16.jpg 800w\" sizes=\"(max-width: 300px) 100vw, 300px\" \/><\/a><\/strong><\/span><\/p>\n<p><em>\u00a0\u00a0\u00a0\u00a0\u00a0\u00a0\u00a0\u00a0\u00a0\u00a0\u00a0\u00a0\u00a0\u00a0\u00a0\u00a0\u00a0\u00a0\u00a0 \ud83d\ude2f Une marcheuse toussait depuis plus d\u2019un mois mais avec la d\u00e9gustation de la B\u00e9n\u00e9dictine, elle ne tousse plus.<\/em><\/p>\n<p style=\"text-align: center;\"><em>\u00a0VIVE LES PLANTES\u00a0!<\/em><\/p>\n<p><em>\u00a0<\/em><\/p>\n<p><strong><em><a href=\"http:\/\/www.asmdmarche.fr\/blog\/wp-content\/uploads\/2017\/05\/6.jpg\"><img loading=\"lazy\" class=\"wp-image-3127 aligncenter\" src=\"http:\/\/www.asmdmarche.fr\/blog\/wp-content\/uploads\/2017\/05\/6-300x225.jpg\" alt=\"\" width=\"224\" height=\"168\" srcset=\"http:\/\/www.asmdmarche.fr\/blog\/wp-content\/uploads\/2017\/05\/6-300x225.jpg 300w, http:\/\/www.asmdmarche.fr\/blog\/wp-content\/uploads\/2017\/05\/6-768x576.jpg 768w, http:\/\/www.asmdmarche.fr\/blog\/wp-content\/uploads\/2017\/05\/6.jpg 1024w, http:\/\/www.asmdmarche.fr\/blog\/wp-content\/uploads\/2017\/05\/6-600x450.jpg 600w\" sizes=\"(max-width: 224px) 100vw, 224px\" \/><\/a><\/em><\/strong><\/p>\n<p>Nous avons ensuite rejoint la C\u00f4te de la Vierge par la sente aux Matelots et grimp\u00e9 par une voie gallo-romaine jusqu\u2019\u00e0 la Chapelle Notre-Dame du Salut que nous avons visit\u00e9e.<\/p>\n<p style=\"text-align: center;\"><em><a href=\"http:\/\/www.asmdmarche.fr\/blog\/wp-content\/uploads\/2017\/05\/Chapelle.jpeg\"><img loading=\"lazy\" class=\"alignnone  wp-image-3160\" src=\"http:\/\/www.asmdmarche.fr\/blog\/wp-content\/uploads\/2017\/05\/Chapelle-300x198.jpeg\" alt=\"\" width=\"261\" height=\"172\" srcset=\"http:\/\/www.asmdmarche.fr\/blog\/wp-content\/uploads\/2017\/05\/Chapelle-300x198.jpeg 300w, http:\/\/www.asmdmarche.fr\/blog\/wp-content\/uploads\/2017\/05\/Chapelle-768x508.jpeg 768w, http:\/\/www.asmdmarche.fr\/blog\/wp-content\/uploads\/2017\/05\/Chapelle-600x397.jpeg 600w, http:\/\/www.asmdmarche.fr\/blog\/wp-content\/uploads\/2017\/05\/Chapelle.jpeg 800w\" sizes=\"(max-width: 261px) 100vw, 261px\" \/><\/a><br \/>\n<\/em><\/p>\n<p>Superbe vue du haut de la falaise que nous avons long\u00e9e pour redescendre ensuite sur le quai o\u00f9 le car nous attendait pour gagner notre g\u00eete situ\u00e9 \u00e0 Angerville l\u2019Orcher au Domaine des Hellandes \u00ab\u00a0Ethic Etapes\u00a0\u00bb.<\/p>\n<p style=\"text-align: center;\"><span style=\"color: #ff0000;\"><strong><a href=\"http:\/\/www.asmdmarche.fr\/blog\/wp-content\/uploads\/2017\/05\/gite.jpg\"><img loading=\"lazy\" class=\"alignnone size-medium wp-image-3161\" src=\"http:\/\/www.asmdmarche.fr\/blog\/wp-content\/uploads\/2017\/05\/gite-300x154.jpg\" alt=\"\" width=\"300\" height=\"154\" srcset=\"http:\/\/www.asmdmarche.fr\/blog\/wp-content\/uploads\/2017\/05\/gite-300x154.jpg 300w, http:\/\/www.asmdmarche.fr\/blog\/wp-content\/uploads\/2017\/05\/gite-768x395.jpg 768w, http:\/\/www.asmdmarche.fr\/blog\/wp-content\/uploads\/2017\/05\/gite-600x308.jpg 600w, http:\/\/www.asmdmarche.fr\/blog\/wp-content\/uploads\/2017\/05\/gite.jpg 800w\" sizes=\"(max-width: 300px) 100vw, 300px\" \/><\/a><\/strong><\/span><\/p>\n<p>Apr\u00e8s prise de possession des chambres<\/p>\n<p><em>\u00a0\u00a0\u00a0\u00a0\u00a0\u00a0\u00a0\u00a0\u00a0\u00a0\u00a0\u00a0\u00a0\u00a0\u00a0\u00a0\u00a0\u00a0\u00a0 \ud83d\ude25 Surprise dans les chambres il n\u2019y a pas les draps.<\/em><\/p>\n<p style=\"text-align: center;\"><span style=\"color: #0000ff;\"><em>\u00a0\u00ab\u00a0<u>On est dans de sales draps\u00a0\u00bb<\/u><\/em><\/span><\/p>\n<p style=\"text-align: center;\"><em>\u00a0\u00a0\u00a0\u00a0\u00a0\u00a0\u00a0\u00a0\u00a0\u00a0\u00a0\u00a0\u00a0\u00a0\u00a0\u00a0\u00a0\u00a0\u00a0\u00a0\u00a0\u00a0\u00a0 Mais pas de panique, Robert est l\u00e0 avec son mail de confirmation. <\/em><\/p>\n<p style=\"text-align: center;\"><em>Tout le monde dormira dans des draps blancs ce soir.<\/em><\/p>\n<p><em>\u00a0<\/em><\/p>\n<p>19h30 : Nous nous sommes retrouv\u00e9s pour l\u2019ap\u00e9ritif compos\u00e9 de Vouvray et de jus de fruits (fournis par le Bureau) accompagn\u00e9 de nombreux cakes sal\u00e9s apport\u00e9s par les participants. D\u2019ailleurs, il en est rest\u00e9 pour le pique-nique du lendemain<\/p>\n<p><em>\u00a0\u00a0\u00a0\u00a0\u00a0\u00a0\u00a0\u00a0\u00a0\u00a0\u00a0\u00a0\u00a0\u00a0\u00a0\u00a0\u00a0\u00a0\u00a0 \ud83d\ude06 Atelier gonflage de ballons pour le jeu de la soir\u00e9e.<\/em><\/p>\n<p>A 20 h, nous avons d\u00een\u00e9 au self, sous forme de plateau-repas.<\/p>\n<p>Ensuite, la soir\u00e9e a commenc\u00e9, dans la salle de l\u2019ap\u00e9ritif, anim\u00e9e par notre D.J. G\u00e9rard.<\/p>\n<p>Apr\u00e8s quelques morceaux musicaux, B\u00e9atrice a pris la rel\u00e8ve, avec son accord\u00e9on. Elle jouait des d\u00e9buts de morceaux de musique, il fallait trouver le titre.<\/p>\n<p style=\"text-align: center;\"><span style=\"color: #ff0000;\"><a href=\"http:\/\/www.asmdmarche.fr\/blog\/wp-content\/uploads\/2017\/05\/zd3aa.jpg\"><img loading=\"lazy\" class=\"alignnone size-medium wp-image-3163\" src=\"http:\/\/www.asmdmarche.fr\/blog\/wp-content\/uploads\/2017\/05\/zd3aa-300x201.jpg\" alt=\"\" width=\"300\" height=\"201\" srcset=\"http:\/\/www.asmdmarche.fr\/blog\/wp-content\/uploads\/2017\/05\/zd3aa-300x201.jpg 300w, http:\/\/www.asmdmarche.fr\/blog\/wp-content\/uploads\/2017\/05\/zd3aa-768x516.jpg 768w, http:\/\/www.asmdmarche.fr\/blog\/wp-content\/uploads\/2017\/05\/zd3aa-600x403.jpg 600w, http:\/\/www.asmdmarche.fr\/blog\/wp-content\/uploads\/2017\/05\/zd3aa.jpg 800w\" sizes=\"(max-width: 300px) 100vw, 300px\" \/><\/a><\/span><\/p>\n<p>Pour continuer, Daniel nous a fait chanter \u00e0 partir d\u2019un texte de sa composition.<\/p>\n<p>Laurence prenait la suite en proposant un jeu\u00a0: 4 couples \u00e9taient d\u00e9sign\u00e9s, la femme devait rev\u00eatir un pantalon et une chemise XXL, l\u2019homme devait remplir ces v\u00eatements d\u2019un maximum de ballons gonfl\u00e9s auparavant et le tout en 2 mn. Le record a \u00e9t\u00e9 de 35 ballons. Ce fut tr\u00e8s dr\u00f4le\u00a0!<\/p>\n<p><a href=\"http:\/\/www.asmdmarche.fr\/blog\/wp-content\/uploads\/2017\/05\/7.jpg\"><img loading=\"lazy\" class=\"wp-image-3128 aligncenter\" src=\"http:\/\/www.asmdmarche.fr\/blog\/wp-content\/uploads\/2017\/05\/7-225x300.jpg\" alt=\"\" width=\"167\" height=\"223\" srcset=\"http:\/\/www.asmdmarche.fr\/blog\/wp-content\/uploads\/2017\/05\/7-225x300.jpg 225w, http:\/\/www.asmdmarche.fr\/blog\/wp-content\/uploads\/2017\/05\/7.jpg 768w, http:\/\/www.asmdmarche.fr\/blog\/wp-content\/uploads\/2017\/05\/7-600x800.jpg 600w\" sizes=\"(max-width: 167px) 100vw, 167px\" \/><\/a><\/p>\n<p>Puis, la danse a repris jusqu\u2019\u00e0 23 h et chacun a regagn\u00e9 sa chambre afin d\u2019\u00eatre pr\u00eat pour la randonn\u00e9e du dimanche.<\/p>\n<p>Dimanche\u00a0:<\/p>\n<p>8 h petit d\u00e9jeuner<\/p>\n<p>\ud83d\ude0e Chacun raconte ce qu\u2019il a en entendu\u00a0: le feu d\u2019artifice, le coq \u00e0 3h30 la pluie.<\/p>\n<p><em>\u00a0\u00a0\u00a0\u00a0\u00a0\u00a0\u00a0\u00a0\u00a0\u00a0\u00a0\u00a0\u00a0\u00a0\u00a0\u00a0\u00a0\u00a0\u00a0\u00a0 \ud83d\ude0e\u00a0<\/em><em>8h 57\u00a0: d\u00e9part du car mais comptage oblige avant de partir. <\/em><\/p>\n<p><em>\u00a0\u00a0\u00a0\u00a0\u00a0\u00a0\u00a0\u00a0\u00a0\u00a0\u00a0\u00a0\u00a0\u00a0\u00a0\u00a0\u00a0\u00a0\u00a0\u00a0 Il nous manque 2 personnes. B\u00e9atrice et Dominique attendaient \u00e0 l\u2019accueil avec\u00a0\u00a0\u00a0\u00a0\u00a0\u00a0 leurs bagages et l\u2019accord\u00e9on.<\/em><\/p>\n<p><em>\u00a0\u00a0\u00a0\u00a0\u00a0\u00a0\u00a0\u00a0\u00a0\u00a0\u00a0\u00a0\u00a0\u00a0\u00a0\u00a0\u00a0\u00a0\u00a0\u00a0 \ud83d\ude0e 9h02\u00a0: message du pr\u00e9sident sur la journ\u00e9e.<\/em><\/p>\n<p>&nbsp;<\/p>\n<p>D\u00e9part en car pour Etretat pour une randonn\u00e9e de 19 km env. reliant Etretat \u00e0 F\u00e9camp par le GR 21. Apr\u00e8s quelques l\u00e9g\u00e8res averses, le soleil a \u00e9t\u00e9 au rendez-vous toute la journ\u00e9e. Nous avons pu admirer les l\u00e9gendaires falaises avec les mouettes et les go\u00e9lands qui ont fait le bonheur des marcheurs et, et particulier, celui des nombreux photographes du groupe. Quelques belles mont\u00e9es nous ont donn\u00e9 quelques sueurs\u00a0!<\/p>\n<p><em>\u00a0\u00a0\u00a0\u00a0\u00a0\u00a0\u00a0\u00a0\u00a0\u00a0\u00a0\u00a0\u00a0\u00a0\u00a0\u00a0\u00a0 \u00a0\u00a0 \ud83d\ude06 Dur dur les pauses techniques pour les filles\u00a0!<\/em><\/p>\n<p><em>\u00a0\u00a0\u00a0\u00a0\u00a0\u00a0\u00a0\u00a0\u00a0\u00a0\u00a0\u00a0\u00a0\u00a0\u00a0\u00a0\u00a0\u00a0\u00a0\u00a0 \ud83d\ude06\u00a0<\/em><em>Vite, vite, la cr\u00e8me solaire, on rougit.<\/em><\/p>\n<p><em>\u00a0<\/em>Le midi, nous avons effectu\u00e9 la pause d\u00e9jeuner \u00e0 Vaucottes, sur la plage de galets face \u00e0 la mer avec le pique-nique fourni par le g\u00eete.<\/p>\n<p><em>\u00a0\u00a0\u00a0\u00a0\u00a0\u00a0\u00a0\u00a0\u00a0\u00a0\u00a0\u00a0\u00a0\u00a0\u00a0\u00a0\u00a0\u00a0\u00a0 \ud83d\ude06 photos souvenir par 3 charmantes jeunes filles qui ont jou\u00e9 les photographes.<\/em><\/p>\n<p><em>\u00a0<a href=\"http:\/\/www.asmdmarche.fr\/blog\/wp-content\/uploads\/2017\/05\/8.jpg\"><img loading=\"lazy\" class=\"wp-image-3129 aligncenter\" src=\"http:\/\/www.asmdmarche.fr\/blog\/wp-content\/uploads\/2017\/05\/8-300x225.jpg\" alt=\"\" width=\"289\" height=\"217\" srcset=\"http:\/\/www.asmdmarche.fr\/blog\/wp-content\/uploads\/2017\/05\/8-300x225.jpg 300w, http:\/\/www.asmdmarche.fr\/blog\/wp-content\/uploads\/2017\/05\/8-768x576.jpg 768w, http:\/\/www.asmdmarche.fr\/blog\/wp-content\/uploads\/2017\/05\/8.jpg 1024w, http:\/\/www.asmdmarche.fr\/blog\/wp-content\/uploads\/2017\/05\/8-600x450.jpg 600w\" sizes=\"(max-width: 289px) 100vw, 289px\" \/><\/a><\/em><\/p>\n<p>Apr\u00e8s une pause digestive au soleil, nous avons repris notre chemin, souvent en file indienne, afin de regagner notre point de rendez-vous avec le car\u00a0: le front de mer de F\u00e9camp.<\/p>\n<p>\ud83d\ude00 A YPORT e<em>nfin des toilettes pour les filles, certains en profitent pour prendre un caf\u00e9 ou autre chose.<\/em><\/p>\n<p><em>\u00a0\u00a0\u00a0\u00a0\u00a0\u00a0\u00a0\u00a0\u00a0\u00a0\u00a0\u00a0\u00a0\u00a0\u00a0\u00a0\u00a0\u00a0\u00a0 \ud83d\ude00 Une jolie d\u00e9esse avec des tresses a fait route avec nous.<\/em><\/p>\n<p><em><a href=\"http:\/\/www.asmdmarche.fr\/blog\/wp-content\/uploads\/2017\/05\/9.jpg\"><img loading=\"lazy\" class=\"wp-image-3130 aligncenter\" src=\"http:\/\/www.asmdmarche.fr\/blog\/wp-content\/uploads\/2017\/05\/9-300x225.jpg\" alt=\"\" width=\"185\" height=\"139\" srcset=\"http:\/\/www.asmdmarche.fr\/blog\/wp-content\/uploads\/2017\/05\/9-300x225.jpg 300w, http:\/\/www.asmdmarche.fr\/blog\/wp-content\/uploads\/2017\/05\/9-768x576.jpg 768w, http:\/\/www.asmdmarche.fr\/blog\/wp-content\/uploads\/2017\/05\/9.jpg 1024w, http:\/\/www.asmdmarche.fr\/blog\/wp-content\/uploads\/2017\/05\/9-600x450.jpg 600w\" sizes=\"(max-width: 185px) 100vw, 185px\" \/><\/a> \u00a0\u00a0\u00a0\u00a0\u00a0\u00a0\u00a0\u00a0\u00a0\u00a0\u00a0\u00a0\u00a0\u00a0\u00a0\u00a0\u00a0\u00a0\u00a0\u00a0\u00a0\u00a0\u00a0 <\/em><\/p>\n<p>A ce moment-l\u00e0, nous avons r\u00e9cup\u00e9r\u00e9 dans le car boissons et g\u00e2teaux confectionn\u00e9s par les participants afin de partager un go\u00fbter revigorant au soleil et face \u00e0 la mer.<\/p>\n<p><em>\u00a0\u00a0\u00a0\u00a0\u00a0\u00a0\u00a0\u00a0\u00a0\u00a0\u00a0\u00a0\u00a0\u00a0\u00a0\u00a0\u00a0\u00a0\u00a0 \ud83d\ude44 Petite s\u00e9ance d\u2019\u00e9tirements,<\/em><\/p>\n<p><em>\u00a0\u00a0\u00a0\u00a0\u00a0\u00a0\u00a0\u00a0\u00a0\u00a0\u00a0\u00a0\u00a0\u00a0\u00a0\u00a0\u00a0\u00a0\u00a0 \ud83d\ude44 La marche, \u00e7a creuse, on a tout bu et tout mang\u00e9\u00a0!<\/em><\/p>\n<p><em>\u00a0<a href=\"http:\/\/www.asmdmarche.fr\/blog\/wp-content\/uploads\/2017\/05\/10.jpg\"><img loading=\"lazy\" class=\"wp-image-3131 aligncenter\" src=\"http:\/\/www.asmdmarche.fr\/blog\/wp-content\/uploads\/2017\/05\/10-300x225.jpg\" alt=\"\" width=\"232\" height=\"174\" srcset=\"http:\/\/www.asmdmarche.fr\/blog\/wp-content\/uploads\/2017\/05\/10-300x225.jpg 300w, http:\/\/www.asmdmarche.fr\/blog\/wp-content\/uploads\/2017\/05\/10-768x576.jpg 768w, http:\/\/www.asmdmarche.fr\/blog\/wp-content\/uploads\/2017\/05\/10.jpg 1024w, http:\/\/www.asmdmarche.fr\/blog\/wp-content\/uploads\/2017\/05\/10-600x450.jpg 600w\" sizes=\"(max-width: 232px) 100vw, 232px\" \/><\/a><\/em><strong><br \/>\n<\/strong><\/p>\n<p>Le retour en car fut tr\u00e8s calme et nous a permis de r\u00e9cup\u00e9rer un peu de la fatigue avant d\u2019arriver au Mesnil.<\/p>\n<p>En r\u00e9sum\u00e9, ce week-end fut une belle r\u00e9ussite, d\u00e9paysant, ensoleill\u00e9 et dans une ambiance agr\u00e9able.<\/p>\n<ul>\n<li>On n\u2019a perdu personne, ouf\u00a0!<\/li>\n<li>On a eu un temps pour tous les go\u00fbts\u00a0: le vent (mais pas trop),\u00a0 la pluie ( oui, mais la nuit) et le soleil pour l\u2019apr\u00e8s midi.<\/li>\n<li>C\u2019est quand le prochain we\u00a0!!! chut top secret certainement le 26 et 27 mai \ud83d\ude1b<\/li>\n<\/ul>\n<p><strong>\u00a0<\/strong><\/p>\n","protected":false},"excerpt":{"rendered":"<p>Nous \u00e9tions 54 adh\u00e9rents \u00e0 participer \u00e0 ce week-end dans la r\u00e9gion de F\u00e9camp et d\u2019Etretat. Pour la premi\u00e8re fois, nous avions d\u00e9cid\u00e9 d\u2019effectuer le voyage en car, au d\u00e9part du Mesnil, \u00e9vitant ainsi beaucoup de fatigue. \u00a0\u00a0\u00a0\u00a0\u00a0\u00a0\u00a0\u00a0\u00a0\u00a0\u00a0\u00a0\u00a0\u00a0\u00a0\u00a0\u00a0\u00a0\u00a0 \ud83d\ude42 10 h\u00a0: arr\u00eat du car\u00a0: Jean-Luc dort profond\u00e9ment et reste enferm\u00e9 dans le car. \u00a0\u00a0\u00a0\u00a0\u00a0\u00a0\u00a0\u00a0\u00a0\u00a0\u00a0\u00a0\u00a0\u00a0\u00a0\u00a0\u00a0\u00a0\u00a0 \ud83d\ude42 [&hellip;]<\/p>\n","protected":false},"author":4,"featured_media":0,"comment_status":"open","ping_status":"closed","sticky":false,"template":"","format":"standard","meta":[],"categories":[3],"tags":[],"_links":{"self":[{"href":"http:\/\/www.asmdmarche.fr\/blog\/index.php?rest_route=\/wp\/v2\/posts\/3120"}],"collection":[{"href":"http:\/\/www.asmdmarche.fr\/blog\/index.php?rest_route=\/wp\/v2\/posts"}],"about":[{"href":"http:\/\/www.asmdmarche.fr\/blog\/index.php?rest_route=\/wp\/v2\/types\/post"}],"author":[{"embeddable":true,"href":"http:\/\/www.asmdmarche.fr\/blog\/index.php?rest_route=\/wp\/v2\/users\/4"}],"replies":[{"embeddable":true,"href":"http:\/\/www.asmdmarche.fr\/blog\/index.php?rest_route=%2Fwp%2Fv2%2Fcomments&post=3120"}],"version-history":[{"count":12,"href":"http:\/\/www.asmdmarche.fr\/blog\/index.php?rest_route=\/wp\/v2\/posts\/3120\/revisions"}],"predecessor-version":[{"id":3166,"href":"http:\/\/www.asmdmarche.fr\/blog\/index.php?rest_route=\/wp\/v2\/posts\/3120\/revisions\/3166"}],"wp:attachment":[{"href":"http:\/\/www.asmdmarche.fr\/blog\/index.php?rest_route=%2Fwp%2Fv2%2Fmedia&parent=3120"}],"wp:term":[{"taxonomy":"category","embeddable":true,"href":"http:\/\/www.asmdmarche.fr\/blog\/index.php?rest_route=%2Fwp%2Fv2%2Fcategories&post=3120"},{"taxonomy":"post_tag","embeddable":true,"href":"http:\/\/www.asmdmarche.fr\/blog\/index.php?rest_route=%2Fwp%2Fv2%2Ftags&post=3120"}],"curies":[{"name":"wp","href":"https:\/\/api.w.org\/{rel}","templated":true}]}}