{"id":3111,"date":"2017-05-10T08:37:45","date_gmt":"2017-05-10T07:37:45","guid":{"rendered":"http:\/\/www.asmdmarche.fr\/blog\/?p=3111"},"modified":"2017-05-10T08:37:45","modified_gmt":"2017-05-10T07:37:45","slug":"mardi-9-mai-levis-mauvieres","status":"publish","type":"post","link":"http:\/\/www.asmdmarche.fr\/blog\/?p=3111","title":{"rendered":"Mardi 9 mai L\u00e9vis Mauvi\u00e8res"},"content":{"rendered":"<p><a href=\"http:\/\/www.asmdmarche.fr\/blog\/wp-content\/uploads\/2017\/05\/Mardi-8-mai-.0053.jpg\"><img loading=\"lazy\" class=\"alignnone size-medium wp-image-3112\" src=\"http:\/\/www.asmdmarche.fr\/blog\/wp-content\/uploads\/2017\/05\/Mardi-8-mai-.0053-300x201.jpg\" alt=\"\" width=\"300\" height=\"201\" srcset=\"http:\/\/www.asmdmarche.fr\/blog\/wp-content\/uploads\/2017\/05\/Mardi-8-mai-.0053-300x201.jpg 300w, http:\/\/www.asmdmarche.fr\/blog\/wp-content\/uploads\/2017\/05\/Mardi-8-mai-.0053-768x516.jpg 768w, http:\/\/www.asmdmarche.fr\/blog\/wp-content\/uploads\/2017\/05\/Mardi-8-mai-.0053-600x403.jpg 600w, http:\/\/www.asmdmarche.fr\/blog\/wp-content\/uploads\/2017\/05\/Mardi-8-mai-.0053.jpg 800w\" sizes=\"(max-width: 300px) 100vw, 300px\" \/><\/a><\/p>\n<p>26 marcheurs au d\u00e9part du parking du sentier de d\u00e9couverte de L\u00e9vis Saint-Nom pour un parcours de 12,5 km passant par le ch\u00e2teau de Mauvi\u00e8res.<\/p>\n<p>4 marcheurs pour la petite marche men\u00e9e par Yves.<\/p>\n<p>&nbsp;<\/p>\n<p>&nbsp;<\/p>\n<p>&nbsp;<\/p>\n<p>&nbsp;<\/p>\n<p><a href=\"http:\/\/www.asmdmarche.fr\/blog\/?page_id=11&amp;wppa-album=185&amp;wppa-cover=0&amp;wppa-occur=1\" target=\"_blank\" rel=\"noopener noreferrer\">Voir les photos de G\u00e9rard<\/a><\/p>\n<p><a href=\"https:\/\/www.grosfichiers.com\/9MCgfzni7MGfd\" target=\"_blank\" rel=\"noopener noreferrer\">T\u00e9l\u00e9charger et exploiter le fichier GPX de la rando<\/a><\/p>\n<p><a href=\"http:\/\/www.asmdmarche.fr\/blog\/?p=2684\" target=\"_blank\" rel=\"noopener noreferrer\">Comment faire?<\/a><\/p>\n<p>&nbsp;<\/p>\n<p>&nbsp;<\/p>\n<p>&nbsp;<\/p>\n<p>&nbsp;<\/p>\n","protected":false},"excerpt":{"rendered":"<p>26 marcheurs au d\u00e9part du parking du sentier de d\u00e9couverte de L\u00e9vis Saint-Nom pour un parcours de 12,5 km passant par le ch\u00e2teau de Mauvi\u00e8res. 4 marcheurs pour la petite marche men\u00e9e par Yves. &nbsp; &nbsp; &nbsp; &nbsp; Voir les photos de G\u00e9rard T\u00e9l\u00e9charger et exploiter le fichier GPX de la rando Comment faire? &nbsp; [&hellip;]<\/p>\n","protected":false},"author":10,"featured_media":0,"comment_status":"open","ping_status":"closed","sticky":false,"template":"","format":"standard","meta":[],"categories":[3],"tags":[],"_links":{"self":[{"href":"http:\/\/www.asmdmarche.fr\/blog\/index.php?rest_route=\/wp\/v2\/posts\/3111"}],"collection":[{"href":"http:\/\/www.asmdmarche.fr\/blog\/index.php?rest_route=\/wp\/v2\/posts"}],"about":[{"href":"http:\/\/www.asmdmarche.fr\/blog\/index.php?rest_route=\/wp\/v2\/types\/post"}],"author":[{"embeddable":true,"href":"http:\/\/www.asmdmarche.fr\/blog\/index.php?rest_route=\/wp\/v2\/users\/10"}],"replies":[{"embeddable":true,"href":"http:\/\/www.asmdmarche.fr\/blog\/index.php?rest_route=%2Fwp%2Fv2%2Fcomments&post=3111"}],"version-history":[{"count":5,"href":"http:\/\/www.asmdmarche.fr\/blog\/index.php?rest_route=\/wp\/v2\/posts\/3111\/revisions"}],"predecessor-version":[{"id":3117,"href":"http:\/\/www.asmdmarche.fr\/blog\/index.php?rest_route=\/wp\/v2\/posts\/3111\/revisions\/3117"}],"wp:attachment":[{"href":"http:\/\/www.asmdmarche.fr\/blog\/index.php?rest_route=%2Fwp%2Fv2%2Fmedia&parent=3111"}],"wp:term":[{"taxonomy":"category","embeddable":true,"href":"http:\/\/www.asmdmarche.fr\/blog\/index.php?rest_route=%2Fwp%2Fv2%2Fcategories&post=3111"},{"taxonomy":"post_tag","embeddable":true,"href":"http:\/\/www.asmdmarche.fr\/blog\/index.php?rest_route=%2Fwp%2Fv2%2Ftags&post=3111"}],"curies":[{"name":"wp","href":"https:\/\/api.w.org\/{rel}","templated":true}]}}