{"id":3106,"date":"2017-05-06T08:59:48","date_gmt":"2017-05-06T07:59:48","guid":{"rendered":"http:\/\/www.asmdmarche.fr\/blog\/?p=3106"},"modified":"2017-05-09T17:10:12","modified_gmt":"2017-05-09T16:10:12","slug":"mardi-2-mai","status":"publish","type":"post","link":"http:\/\/www.asmdmarche.fr\/blog\/?p=3106","title":{"rendered":"Mardi 2 mai"},"content":{"rendered":"<p>16 marcheurs pour la grande marche, sous la conduite de Daniel et Chantal, et 4 marcheurs pour la petite marche accompagn\u00e9s de Christian, se sont rejoints (apr\u00e8s une petite attente chacun \u00e0 des ponts diff\u00e9rents) vers l&rsquo;aqueduc de Vieille \u00c9glise. La bonne humeur et l&rsquo;\u00e9nergie \u00e9taient au rendez-vous comme d&rsquo;habitude, et nous avons pu appr\u00e9cier une fois de plus nos beaux paysages Yvelinois, les champs, les for\u00eats et les villages, de St Beno\u00eet \u00e0 Vieille \u00c9glise, soit environ 13 Km. Merci pour ce bon moment.<\/p>\n<p>Dominique.<\/p>\n<p><a href=\"http:\/\/www.asmdmarche.fr\/blog\/?page_id=11&amp;wppa-album=184&amp;wppa-cover=0&amp;wppa-occur=1\" target=\"_blank\" rel=\"noopener noreferrer\">Voir les photos de Dominique<\/a><\/p>\n<p><a href=\"https:\/\/www.grosfichiers.com\/CPFKxdZNip3uW\" target=\"_blank\" rel=\"noopener noreferrer\">T\u00e9l\u00e9charger et exploiter le fichier GPX de la rando<\/a><\/p>\n<p><a href=\"http:\/\/www.asmdmarche.fr\/blog\/?p=2684\" target=\"_blank\" rel=\"noopener noreferrer\">Comment faire?<\/a><\/p>\n<p><strong>Petite marche<\/strong><\/p>\n<p><a href=\"http:\/\/www.asmdmarche.fr\/blog\/wp-content\/uploads\/2017\/05\/Mardi-2-mai0021.jpg\"><img loading=\"lazy\" class=\"alignnone size-medium wp-image-3107\" src=\"http:\/\/www.asmdmarche.fr\/blog\/wp-content\/uploads\/2017\/05\/Mardi-2-mai0021-300x168.jpg\" alt=\"\" width=\"300\" height=\"168\" srcset=\"http:\/\/www.asmdmarche.fr\/blog\/wp-content\/uploads\/2017\/05\/Mardi-2-mai0021-300x168.jpg 300w, http:\/\/www.asmdmarche.fr\/blog\/wp-content\/uploads\/2017\/05\/Mardi-2-mai0021-768x431.jpg 768w, http:\/\/www.asmdmarche.fr\/blog\/wp-content\/uploads\/2017\/05\/Mardi-2-mai0021-600x337.jpg 600w, http:\/\/www.asmdmarche.fr\/blog\/wp-content\/uploads\/2017\/05\/Mardi-2-mai0021.jpg 800w\" sizes=\"(max-width: 300px) 100vw, 300px\" \/><\/a><\/p>\n<p>Nous \u00e9tions 4 ce 2 mai \u00e0 faire la petite marche au d\u00e9part de Vieille<br \/>\nEglise en Yvelines qui nous a men\u00e9 autour des p\u00e9pini\u00e8res des Br\u00fblins<br \/>\npuis \u00e0 c\u00f4t\u00e9 de la ferme Blanche (o\u00f9 un chat magnifique de couleur rousse<br \/>\nnous a accompagn\u00e9 pendant quelques centaines de m\u00e8tres) avec un retour<br \/>\npar le bois domanial des Vindrins (o\u00f9 une poule faisane nous a fait<br \/>\nl&rsquo;honneur de rester \u00e0 c\u00f4t\u00e9 de nous) et une finale le long des rigoles o\u00f9<br \/>\nnous avons rejoint la grande marche pour une pause bien m\u00e9rit\u00e9e.<\/p>\n<p>Christian.<\/p>\n<p>&nbsp;<\/p>\n<p>&nbsp;<\/p>\n<p>&nbsp;<\/p>\n","protected":false},"excerpt":{"rendered":"<p>16 marcheurs pour la grande marche, sous la conduite de Daniel et Chantal, et 4 marcheurs pour la petite marche accompagn\u00e9s de Christian, se sont rejoints (apr\u00e8s une petite attente chacun \u00e0 des ponts diff\u00e9rents) vers l&rsquo;aqueduc de Vieille \u00c9glise. La bonne humeur et l&rsquo;\u00e9nergie \u00e9taient au rendez-vous comme d&rsquo;habitude, et nous avons pu appr\u00e9cier [&hellip;]<\/p>\n","protected":false},"author":10,"featured_media":0,"comment_status":"open","ping_status":"closed","sticky":false,"template":"","format":"standard","meta":[],"categories":[3],"tags":[],"_links":{"self":[{"href":"http:\/\/www.asmdmarche.fr\/blog\/index.php?rest_route=\/wp\/v2\/posts\/3106"}],"collection":[{"href":"http:\/\/www.asmdmarche.fr\/blog\/index.php?rest_route=\/wp\/v2\/posts"}],"about":[{"href":"http:\/\/www.asmdmarche.fr\/blog\/index.php?rest_route=\/wp\/v2\/types\/post"}],"author":[{"embeddable":true,"href":"http:\/\/www.asmdmarche.fr\/blog\/index.php?rest_route=\/wp\/v2\/users\/10"}],"replies":[{"embeddable":true,"href":"http:\/\/www.asmdmarche.fr\/blog\/index.php?rest_route=%2Fwp%2Fv2%2Fcomments&post=3106"}],"version-history":[{"count":1,"href":"http:\/\/www.asmdmarche.fr\/blog\/index.php?rest_route=\/wp\/v2\/posts\/3106\/revisions"}],"predecessor-version":[{"id":3109,"href":"http:\/\/www.asmdmarche.fr\/blog\/index.php?rest_route=\/wp\/v2\/posts\/3106\/revisions\/3109"}],"wp:attachment":[{"href":"http:\/\/www.asmdmarche.fr\/blog\/index.php?rest_route=%2Fwp%2Fv2%2Fmedia&parent=3106"}],"wp:term":[{"taxonomy":"category","embeddable":true,"href":"http:\/\/www.asmdmarche.fr\/blog\/index.php?rest_route=%2Fwp%2Fv2%2Fcategories&post=3106"},{"taxonomy":"post_tag","embeddable":true,"href":"http:\/\/www.asmdmarche.fr\/blog\/index.php?rest_route=%2Fwp%2Fv2%2Ftags&post=3106"}],"curies":[{"name":"wp","href":"https:\/\/api.w.org\/{rel}","templated":true}]}}