{"id":3101,"date":"2017-05-02T18:45:03","date_gmt":"2017-05-02T17:45:03","guid":{"rendered":"http:\/\/www.asmdmarche.fr\/blog\/?p=3101"},"modified":"2017-05-02T18:45:03","modified_gmt":"2017-05-02T17:45:03","slug":"samedi-29-avril-2017","status":"publish","type":"post","link":"http:\/\/www.asmdmarche.fr\/blog\/?p=3101","title":{"rendered":"Samedi 29 avril 2017"},"content":{"rendered":"<p>17 (ou 18 ?) marcheurs(euses) ont effectu\u00e9 cette sympathique balade de 10 ? 10,4 ? 11? kms de ce samedi matin ensoleill\u00e9 et plein de bonne humeur autour de Maurepas.<\/p>\n<p>M\u00eame circuit que celui de mardi en sens inverse, et avec quelques variantes.<\/p>\n<p>Un bon moment ensemble nous avons du freiner V\u00e9ronique qui nous est revenue en pleine forme. \ud83d\ude06<\/p>\n<p>CR et photo de Dominique \ud83d\ude00<\/p>\n\r\n\t\t<style type='text\/css'>\r\n\t\t\t#gallery-1 {\r\n\t\t\t\tmargin: auto;\r\n\t\t\t}\r\n\t\t\t#gallery-1 .gallery-item {\r\n\t\t\t\tfloat: left;\r\n\t\t\t\tmargin-top: 10px;\r\n\t\t\t\ttext-align: center;\r\n\t\t\t\twidth: 25%;\r\n\t\t\t}\r\n\t\t\t#gallery-1 img {\r\n\t\t\t\tborder: 2px solid #cfcfcf;\r\n\t\t\t}\r\n\t\t\t#gallery-1 .gallery-caption {\r\n\t\t\t\tmargin-left: 0;\r\n\t\t\t}\r\n\t\t<\/style>\r\n\t\t<!-- see gallery_shortcode() in wp-includes\/media.php -->\n\t\t<div id='gallery-1' class='gallery galleryid-3101 gallery-columns-4 gallery-size-thumbnail gallery1'><script type=\"text\/javascript\">\r\n\/\/ <![CDATA[\r\n\tjQuery(document).ready(function () {\r\n\t\tjQuery(\".gallery1 a\").attr(\"rel\",\"gallery1\");\t\r\n\t\tjQuery('a[rel=\"gallery1\"]').colorbox({maxWidth:\"95%\", maxHeight:\"95%\",title: function(){ return jQuery(this).children().attr(\"alt\"); }, });\r\n\t});\r\n\/\/ ]]>\r\n<\/script>\n<dl class=\"gallery-item\">\n<dt class=\"gallery-icon\">\r\n<a href=\"http:\/\/www.asmdmarche.fr\/blog\/wp-content\/uploads\/2017\/05\/IMG_2557.jpg\" title=\"\" rel=\"gallery1\"><img src=\"http:\/\/www.asmdmarche.fr\/blog\/wp-content\/uploads\/2017\/05\/IMG_2557-150x150.jpg\" width=\"150\" height=\"150\" alt=\"\" \/><\/a>\r\n<\/dt><\/dl><dl class=\"gallery-item\">\n<dt class=\"gallery-icon\">\r\n<a href=\"http:\/\/www.asmdmarche.fr\/blog\/wp-content\/uploads\/2017\/05\/IMG_2556.jpg\" title=\"\" rel=\"gallery1\"><img src=\"http:\/\/www.asmdmarche.fr\/blog\/wp-content\/uploads\/2017\/05\/IMG_2556-150x150.jpg\" width=\"150\" height=\"150\" alt=\"\" \/><\/a>\r\n<\/dt><\/dl><dl class=\"gallery-item\">\n<dt class=\"gallery-icon\">\r\n<a href=\"http:\/\/www.asmdmarche.fr\/blog\/wp-content\/uploads\/2017\/05\/IMG_2555.jpg\" title=\"\" rel=\"gallery1\"><img src=\"http:\/\/www.asmdmarche.fr\/blog\/wp-content\/uploads\/2017\/05\/IMG_2555-150x150.jpg\" width=\"150\" height=\"150\" alt=\"\" \/><\/a>\r\n<\/dt><\/dl><dl class=\"gallery-item\">\n<dt class=\"gallery-icon\">\r\n<a href=\"http:\/\/www.asmdmarche.fr\/blog\/wp-content\/uploads\/2017\/05\/IMG_2554.jpg\" title=\"Nous sommes des soeurs jumelles n\u00e9es sous .....\" rel=\"gallery1\"><img src=\"http:\/\/www.asmdmarche.fr\/blog\/wp-content\/uploads\/2017\/05\/IMG_2554-150x150.jpg\" width=\"150\" height=\"150\" alt=\"Nous sommes des soeurs jumelles n\u00e9es sous .....\" \/><\/a>\r\n<\/dt><dd class=\"gallery-caption\" id=\"caption3097\"><span class=\"imagecaption\">Nous sommes des soeurs jumelles n\u00e9es sous .....<\/span><br \/>\n<\/dd><\/dl><br style=\"clear: both\" \/><dl class=\"gallery-item\">\n<dt class=\"gallery-icon\">\r\n<a href=\"http:\/\/www.asmdmarche.fr\/blog\/wp-content\/uploads\/2017\/05\/IMG_2551.jpg\" title=\"\" rel=\"gallery1\"><img src=\"http:\/\/www.asmdmarche.fr\/blog\/wp-content\/uploads\/2017\/05\/IMG_2551-150x150.jpg\" width=\"150\" height=\"150\" alt=\"\" \/><\/a>\r\n<\/dt><\/dl><dl class=\"gallery-item\">\n<dt class=\"gallery-icon\">\r\n<a href=\"http:\/\/www.asmdmarche.fr\/blog\/wp-content\/uploads\/2017\/05\/IMG_2550.jpg\" title=\"\" rel=\"gallery1\"><img src=\"http:\/\/www.asmdmarche.fr\/blog\/wp-content\/uploads\/2017\/05\/IMG_2550-150x150.jpg\" width=\"150\" height=\"150\" alt=\"\" \/><\/a>\r\n<\/dt><\/dl><dl class=\"gallery-item\">\n<dt class=\"gallery-icon\">\r\n<a href=\"http:\/\/www.asmdmarche.fr\/blog\/wp-content\/uploads\/2017\/05\/IMG_2549.jpg\" title=\"\" rel=\"gallery1\"><img src=\"http:\/\/www.asmdmarche.fr\/blog\/wp-content\/uploads\/2017\/05\/IMG_2549-150x150.jpg\" width=\"150\" height=\"150\" alt=\"\" \/><\/a>\r\n<\/dt><\/dl><dl class=\"gallery-item\">\n<dt class=\"gallery-icon\">\r\n<a href=\"http:\/\/www.asmdmarche.fr\/blog\/wp-content\/uploads\/2017\/05\/IMG_2546.jpg\" title=\"\" rel=\"gallery1\"><img src=\"http:\/\/www.asmdmarche.fr\/blog\/wp-content\/uploads\/2017\/05\/IMG_2546-150x150.jpg\" width=\"150\" height=\"150\" alt=\"\" \/><\/a>\r\n<\/dt><\/dl><br style=\"clear: both\" \/>\r\n\t\t<\/div>\n\n<p>&nbsp;<\/p>\n","protected":false},"excerpt":{"rendered":"<p>17 (ou 18 ?) marcheurs(euses) ont effectu\u00e9 cette sympathique balade de 10 ? 10,4 ? 11? kms de ce samedi matin ensoleill\u00e9 et plein de bonne humeur autour de Maurepas. M\u00eame circuit que celui de mardi en sens inverse, et avec quelques variantes. Un bon moment ensemble nous avons du freiner V\u00e9ronique qui nous est [&hellip;]<\/p>\n","protected":false},"author":4,"featured_media":0,"comment_status":"open","ping_status":"closed","sticky":false,"template":"","format":"standard","meta":[],"categories":[3],"tags":[],"_links":{"self":[{"href":"http:\/\/www.asmdmarche.fr\/blog\/index.php?rest_route=\/wp\/v2\/posts\/3101"}],"collection":[{"href":"http:\/\/www.asmdmarche.fr\/blog\/index.php?rest_route=\/wp\/v2\/posts"}],"about":[{"href":"http:\/\/www.asmdmarche.fr\/blog\/index.php?rest_route=\/wp\/v2\/types\/post"}],"author":[{"embeddable":true,"href":"http:\/\/www.asmdmarche.fr\/blog\/index.php?rest_route=\/wp\/v2\/users\/4"}],"replies":[{"embeddable":true,"href":"http:\/\/www.asmdmarche.fr\/blog\/index.php?rest_route=%2Fwp%2Fv2%2Fcomments&post=3101"}],"version-history":[{"count":1,"href":"http:\/\/www.asmdmarche.fr\/blog\/index.php?rest_route=\/wp\/v2\/posts\/3101\/revisions"}],"predecessor-version":[{"id":3102,"href":"http:\/\/www.asmdmarche.fr\/blog\/index.php?rest_route=\/wp\/v2\/posts\/3101\/revisions\/3102"}],"wp:attachment":[{"href":"http:\/\/www.asmdmarche.fr\/blog\/index.php?rest_route=%2Fwp%2Fv2%2Fmedia&parent=3101"}],"wp:term":[{"taxonomy":"category","embeddable":true,"href":"http:\/\/www.asmdmarche.fr\/blog\/index.php?rest_route=%2Fwp%2Fv2%2Fcategories&post=3101"},{"taxonomy":"post_tag","embeddable":true,"href":"http:\/\/www.asmdmarche.fr\/blog\/index.php?rest_route=%2Fwp%2Fv2%2Ftags&post=3101"}],"curies":[{"name":"wp","href":"https:\/\/api.w.org\/{rel}","templated":true}]}}