{"id":3089,"date":"2017-04-26T11:17:58","date_gmt":"2017-04-26T10:17:58","guid":{"rendered":"http:\/\/www.asmdmarche.fr\/blog\/?p=3089"},"modified":"2017-04-26T11:17:58","modified_gmt":"2017-04-26T10:17:58","slug":"mardi-25-avril-maurepas","status":"publish","type":"post","link":"http:\/\/www.asmdmarche.fr\/blog\/?p=3089","title":{"rendered":"Mardi 25 avril Maurepas"},"content":{"rendered":"<p><a href=\"http:\/\/www.asmdmarche.fr\/blog\/wp-content\/uploads\/2017\/04\/Mardi-25-avril-Maurepas0008.jpg\"><img loading=\"lazy\" class=\"alignnone size-medium wp-image-3090\" src=\"http:\/\/www.asmdmarche.fr\/blog\/wp-content\/uploads\/2017\/04\/Mardi-25-avril-Maurepas0008-300x200.jpg\" alt=\"\" width=\"300\" height=\"200\" srcset=\"http:\/\/www.asmdmarche.fr\/blog\/wp-content\/uploads\/2017\/04\/Mardi-25-avril-Maurepas0008-300x200.jpg 300w, http:\/\/www.asmdmarche.fr\/blog\/wp-content\/uploads\/2017\/04\/Mardi-25-avril-Maurepas0008-768x512.jpg 768w, http:\/\/www.asmdmarche.fr\/blog\/wp-content\/uploads\/2017\/04\/Mardi-25-avril-Maurepas0008-600x400.jpg 600w, http:\/\/www.asmdmarche.fr\/blog\/wp-content\/uploads\/2017\/04\/Mardi-25-avril-Maurepas0008.jpg 800w\" sizes=\"(max-width: 300px) 100vw, 300px\" \/><\/a><\/p>\n<p>23 marcheurs au d\u00e9part de Maurepas pour une boucle de 12 km \u00e0 travers bois, plaine et ville.<\/p>\n<p><a href=\"http:\/\/www.asmdmarche.fr\/blog\/?page_id=11&amp;wppa-album=183&amp;wppa-cover=0&amp;wppa-occur=1\" target=\"_blank\" rel=\"noopener noreferrer\">Voir les photos de Dominique<\/a><\/p>\n<p><a href=\"https:\/\/www.grosfichiers.com\/2F5jKPI7BfOTw\" target=\"_blank\" rel=\"noopener noreferrer\">T\u00e9l\u00e9charger et exploiter le fichier GPX de la rando<\/a><\/p>\n<p><a href=\"http:\/\/www.asmdmarche.fr\/blog\/?p=2684\" target=\"_blank\" rel=\"noopener noreferrer\">Comment faire?<\/a><\/p>\n<p>&nbsp;<\/p>\n","protected":false},"excerpt":{"rendered":"<p>23 marcheurs au d\u00e9part de Maurepas pour une boucle de 12 km \u00e0 travers bois, plaine et ville. Voir les photos de Dominique T\u00e9l\u00e9charger et exploiter le fichier GPX de la rando Comment faire? &nbsp;<\/p>\n","protected":false},"author":10,"featured_media":0,"comment_status":"open","ping_status":"closed","sticky":false,"template":"","format":"standard","meta":[],"categories":[3],"tags":[],"_links":{"self":[{"href":"http:\/\/www.asmdmarche.fr\/blog\/index.php?rest_route=\/wp\/v2\/posts\/3089"}],"collection":[{"href":"http:\/\/www.asmdmarche.fr\/blog\/index.php?rest_route=\/wp\/v2\/posts"}],"about":[{"href":"http:\/\/www.asmdmarche.fr\/blog\/index.php?rest_route=\/wp\/v2\/types\/post"}],"author":[{"embeddable":true,"href":"http:\/\/www.asmdmarche.fr\/blog\/index.php?rest_route=\/wp\/v2\/users\/10"}],"replies":[{"embeddable":true,"href":"http:\/\/www.asmdmarche.fr\/blog\/index.php?rest_route=%2Fwp%2Fv2%2Fcomments&post=3089"}],"version-history":[{"count":1,"href":"http:\/\/www.asmdmarche.fr\/blog\/index.php?rest_route=\/wp\/v2\/posts\/3089\/revisions"}],"predecessor-version":[{"id":3091,"href":"http:\/\/www.asmdmarche.fr\/blog\/index.php?rest_route=\/wp\/v2\/posts\/3089\/revisions\/3091"}],"wp:attachment":[{"href":"http:\/\/www.asmdmarche.fr\/blog\/index.php?rest_route=%2Fwp%2Fv2%2Fmedia&parent=3089"}],"wp:term":[{"taxonomy":"category","embeddable":true,"href":"http:\/\/www.asmdmarche.fr\/blog\/index.php?rest_route=%2Fwp%2Fv2%2Fcategories&post=3089"},{"taxonomy":"post_tag","embeddable":true,"href":"http:\/\/www.asmdmarche.fr\/blog\/index.php?rest_route=%2Fwp%2Fv2%2Ftags&post=3089"}],"curies":[{"name":"wp","href":"https:\/\/api.w.org\/{rel}","templated":true}]}}