{"id":3073,"date":"2017-04-23T21:30:47","date_gmt":"2017-04-23T20:30:47","guid":{"rendered":"http:\/\/www.asmdmarche.fr\/blog\/?p=3073"},"modified":"2017-04-23T21:30:47","modified_gmt":"2017-04-23T20:30:47","slug":"dimanche-23-avril-2017","status":"publish","type":"post","link":"http:\/\/www.asmdmarche.fr\/blog\/?p=3073","title":{"rendered":"Dimanche 23 avril 2017 :"},"content":{"rendered":"<p>Le soleil, le ciel bleu et la bonne humeur ont accompagn\u00e9 les 15 marcheurs pour cette belle matin\u00e9e printani\u00e8re, de Beaurain \u00e0 Dampierre en passant par la sente de Maincourt, soit 11 \u00e0 13 kms selon les GPS. M\u00eame balade que celle de mardi, toujours aussi belle et bienfaisante pour le corps et le mental.<\/p>\n<p>Laurence a vainement tent\u00e9 de nous signaler un parterre de muguet, mais nous \u00e9tions tous tr\u00e8s absorb\u00e9s par nos conversations. Il\u00a0 n&rsquo;y a\u00a0 eu que Jacinta et Laurence\u00a0 de notre petit groupe de bavards, \u00e0 cueillir le petit brin fleuri.<\/p>\n<p>Merci \u00e0 nos guides Beno\u00eet et Dominique.<\/p>\n<p>CR\u00a0 et photos de Dominique<\/p>\n<p>NB le carnet rose de la section : V\u00e9ronique est grand-m\u00e8re d&rsquo;une 2\u00e8me petite fille depuis ce WE<\/p>\n\r\n\t\t<style type='text\/css'>\r\n\t\t\t#gallery-1 {\r\n\t\t\t\tmargin: auto;\r\n\t\t\t}\r\n\t\t\t#gallery-1 .gallery-item {\r\n\t\t\t\tfloat: left;\r\n\t\t\t\tmargin-top: 10px;\r\n\t\t\t\ttext-align: center;\r\n\t\t\t\twidth: 25%;\r\n\t\t\t}\r\n\t\t\t#gallery-1 img {\r\n\t\t\t\tborder: 2px solid #cfcfcf;\r\n\t\t\t}\r\n\t\t\t#gallery-1 .gallery-caption {\r\n\t\t\t\tmargin-left: 0;\r\n\t\t\t}\r\n\t\t<\/style>\r\n\t\t<!-- see gallery_shortcode() in wp-includes\/media.php -->\n\t\t<div id='gallery-1' class='gallery galleryid-3073 gallery-columns-4 gallery-size-thumbnail gallery1'><script type=\"text\/javascript\">\r\n\/\/ <![CDATA[\r\n\tjQuery(document).ready(function () {\r\n\t\tjQuery(\".gallery1 a\").attr(\"rel\",\"gallery1\");\t\r\n\t\tjQuery('a[rel=\"gallery1\"]').colorbox({maxWidth:\"95%\", maxHeight:\"95%\",title: function(){ return jQuery(this).children().attr(\"alt\"); }, });\r\n\t});\r\n\/\/ ]]>\r\n<\/script>\n<dl class=\"gallery-item\">\n<dt class=\"gallery-icon\">\r\n<a href=\"http:\/\/www.asmdmarche.fr\/blog\/wp-content\/uploads\/2017\/04\/IMG_2505.jpg\" title=\"\" rel=\"gallery1\"><img src=\"http:\/\/www.asmdmarche.fr\/blog\/wp-content\/uploads\/2017\/04\/IMG_2505-150x150.jpg\" width=\"150\" height=\"150\" alt=\"\" \/><\/a>\r\n<\/dt><\/dl><dl class=\"gallery-item\">\n<dt class=\"gallery-icon\">\r\n<a href=\"http:\/\/www.asmdmarche.fr\/blog\/wp-content\/uploads\/2017\/04\/IMG_2504.jpg\" title=\"\" rel=\"gallery1\"><img src=\"http:\/\/www.asmdmarche.fr\/blog\/wp-content\/uploads\/2017\/04\/IMG_2504-150x150.jpg\" width=\"150\" height=\"150\" alt=\"\" \/><\/a>\r\n<\/dt><\/dl><dl class=\"gallery-item\">\n<dt class=\"gallery-icon\">\r\n<a href=\"http:\/\/www.asmdmarche.fr\/blog\/wp-content\/uploads\/2017\/04\/IMG_2502.jpg\" title=\"\" rel=\"gallery1\"><img src=\"http:\/\/www.asmdmarche.fr\/blog\/wp-content\/uploads\/2017\/04\/IMG_2502-150x150.jpg\" width=\"150\" height=\"150\" alt=\"\" \/><\/a>\r\n<\/dt><\/dl><dl class=\"gallery-item\">\n<dt class=\"gallery-icon\">\r\n<a href=\"http:\/\/www.asmdmarche.fr\/blog\/wp-content\/uploads\/2017\/04\/IMG_2499.jpg\" title=\"\" rel=\"gallery1\"><img src=\"http:\/\/www.asmdmarche.fr\/blog\/wp-content\/uploads\/2017\/04\/IMG_2499-150x150.jpg\" width=\"150\" height=\"150\" alt=\"\" \/><\/a>\r\n<\/dt><\/dl><br style=\"clear: both\" \/><dl class=\"gallery-item\">\n<dt class=\"gallery-icon\">\r\n<a href=\"http:\/\/www.asmdmarche.fr\/blog\/wp-content\/uploads\/2017\/04\/IMG_2498.jpg\" title=\"\" rel=\"gallery1\"><img src=\"http:\/\/www.asmdmarche.fr\/blog\/wp-content\/uploads\/2017\/04\/IMG_2498-150x150.jpg\" width=\"150\" height=\"150\" alt=\"\" \/><\/a>\r\n<\/dt><\/dl><dl class=\"gallery-item\">\n<dt class=\"gallery-icon\">\r\n<a href=\"http:\/\/www.asmdmarche.fr\/blog\/wp-content\/uploads\/2017\/04\/IMG_2497.jpg\" title=\"\" rel=\"gallery1\"><img src=\"http:\/\/www.asmdmarche.fr\/blog\/wp-content\/uploads\/2017\/04\/IMG_2497-150x150.jpg\" width=\"150\" height=\"150\" alt=\"\" \/><\/a>\r\n<\/dt><\/dl><dl class=\"gallery-item\">\n<dt class=\"gallery-icon\">\r\n<a href=\"http:\/\/www.asmdmarche.fr\/blog\/wp-content\/uploads\/2017\/04\/IMG_2496.jpg\" title=\"\" rel=\"gallery1\"><img src=\"http:\/\/www.asmdmarche.fr\/blog\/wp-content\/uploads\/2017\/04\/IMG_2496-150x150.jpg\" width=\"150\" height=\"150\" alt=\"\" \/><\/a>\r\n<\/dt><\/dl><dl class=\"gallery-item\">\n<dt class=\"gallery-icon\">\r\n<a href=\"http:\/\/www.asmdmarche.fr\/blog\/wp-content\/uploads\/2017\/04\/IMG_2495.jpg\" title=\"\" rel=\"gallery1\"><img src=\"http:\/\/www.asmdmarche.fr\/blog\/wp-content\/uploads\/2017\/04\/IMG_2495-150x150.jpg\" width=\"150\" height=\"150\" alt=\"\" \/><\/a>\r\n<\/dt><\/dl><br style=\"clear: both\" \/><dl class=\"gallery-item\">\n<dt class=\"gallery-icon\">\r\n<a href=\"http:\/\/www.asmdmarche.fr\/blog\/wp-content\/uploads\/2017\/04\/IMG_2494.jpg\" title=\"\" rel=\"gallery1\"><img src=\"http:\/\/www.asmdmarche.fr\/blog\/wp-content\/uploads\/2017\/04\/IMG_2494-150x150.jpg\" width=\"150\" height=\"150\" alt=\"\" \/><\/a>\r\n<\/dt><\/dl><dl class=\"gallery-item\">\n<dt class=\"gallery-icon\">\r\n<a href=\"http:\/\/www.asmdmarche.fr\/blog\/wp-content\/uploads\/2017\/04\/IMG_2493.jpg\" title=\"\" rel=\"gallery1\"><img src=\"http:\/\/www.asmdmarche.fr\/blog\/wp-content\/uploads\/2017\/04\/IMG_2493-150x150.jpg\" width=\"150\" height=\"150\" alt=\"\" \/><\/a>\r\n<\/dt><\/dl><dl class=\"gallery-item\">\n<dt class=\"gallery-icon\">\r\n<a href=\"http:\/\/www.asmdmarche.fr\/blog\/wp-content\/uploads\/2017\/04\/IMG_2492.jpg\" title=\"\" rel=\"gallery1\"><img src=\"http:\/\/www.asmdmarche.fr\/blog\/wp-content\/uploads\/2017\/04\/IMG_2492-150x150.jpg\" width=\"150\" height=\"150\" alt=\"\" \/><\/a>\r\n<\/dt><\/dl><dl class=\"gallery-item\">\n<dt class=\"gallery-icon\">\r\n<a href=\"http:\/\/www.asmdmarche.fr\/blog\/wp-content\/uploads\/2017\/04\/Mardi-18-avril0011.jpg\" title=\"\" rel=\"gallery1\"><img src=\"http:\/\/www.asmdmarche.fr\/blog\/wp-content\/uploads\/2017\/04\/Mardi-18-avril0011-150x150.jpg\" width=\"150\" height=\"150\" alt=\"\" \/><\/a>\r\n<\/dt><\/dl><br style=\"clear: both\" \/>\r\n\t\t<\/div>\n\n<p>NB le carnet rose de la section V\u00e9ronique est grand-m\u00e8re d&rsquo;une 2\u00e8me petite fille depuis ce WE<\/p>\n","protected":false},"excerpt":{"rendered":"<p>Le soleil, le ciel bleu et la bonne humeur ont accompagn\u00e9 les 15 marcheurs pour cette belle matin\u00e9e printani\u00e8re, de Beaurain \u00e0 Dampierre en passant par la sente de Maincourt, soit 11 \u00e0 13 kms selon les GPS. M\u00eame balade que celle de mardi, toujours aussi belle et bienfaisante pour le corps et le mental. [&hellip;]<\/p>\n","protected":false},"author":4,"featured_media":0,"comment_status":"open","ping_status":"closed","sticky":false,"template":"","format":"standard","meta":[],"categories":[3],"tags":[],"_links":{"self":[{"href":"http:\/\/www.asmdmarche.fr\/blog\/index.php?rest_route=\/wp\/v2\/posts\/3073"}],"collection":[{"href":"http:\/\/www.asmdmarche.fr\/blog\/index.php?rest_route=\/wp\/v2\/posts"}],"about":[{"href":"http:\/\/www.asmdmarche.fr\/blog\/index.php?rest_route=\/wp\/v2\/types\/post"}],"author":[{"embeddable":true,"href":"http:\/\/www.asmdmarche.fr\/blog\/index.php?rest_route=\/wp\/v2\/users\/4"}],"replies":[{"embeddable":true,"href":"http:\/\/www.asmdmarche.fr\/blog\/index.php?rest_route=%2Fwp%2Fv2%2Fcomments&post=3073"}],"version-history":[{"count":3,"href":"http:\/\/www.asmdmarche.fr\/blog\/index.php?rest_route=\/wp\/v2\/posts\/3073\/revisions"}],"predecessor-version":[{"id":3087,"href":"http:\/\/www.asmdmarche.fr\/blog\/index.php?rest_route=\/wp\/v2\/posts\/3073\/revisions\/3087"}],"wp:attachment":[{"href":"http:\/\/www.asmdmarche.fr\/blog\/index.php?rest_route=%2Fwp%2Fv2%2Fmedia&parent=3073"}],"wp:term":[{"taxonomy":"category","embeddable":true,"href":"http:\/\/www.asmdmarche.fr\/blog\/index.php?rest_route=%2Fwp%2Fv2%2Fcategories&post=3073"},{"taxonomy":"post_tag","embeddable":true,"href":"http:\/\/www.asmdmarche.fr\/blog\/index.php?rest_route=%2Fwp%2Fv2%2Ftags&post=3073"}],"curies":[{"name":"wp","href":"https:\/\/api.w.org\/{rel}","templated":true}]}}