{"id":3066,"date":"2017-04-19T07:35:32","date_gmt":"2017-04-19T06:35:32","guid":{"rendered":"http:\/\/www.asmdmarche.fr\/blog\/?p=3066"},"modified":"2017-05-09T17:11:09","modified_gmt":"2017-05-09T16:11:09","slug":"mardi-18-avril-le-mesnil-dampierre","status":"publish","type":"post","link":"http:\/\/www.asmdmarche.fr\/blog\/?p=3066","title":{"rendered":"Mardi 18 avril   Le Mesnil Dampierre"},"content":{"rendered":"<p><a href=\"http:\/\/www.asmdmarche.fr\/blog\/wp-content\/uploads\/2017\/04\/Mardi-18-avril0011.jpg\"><img loading=\"lazy\" class=\"alignnone size-medium wp-image-3067\" src=\"http:\/\/www.asmdmarche.fr\/blog\/wp-content\/uploads\/2017\/04\/Mardi-18-avril0011-300x201.jpg\" alt=\"\" width=\"300\" height=\"201\" srcset=\"http:\/\/www.asmdmarche.fr\/blog\/wp-content\/uploads\/2017\/04\/Mardi-18-avril0011-300x201.jpg 300w, http:\/\/www.asmdmarche.fr\/blog\/wp-content\/uploads\/2017\/04\/Mardi-18-avril0011-768x516.jpg 768w, http:\/\/www.asmdmarche.fr\/blog\/wp-content\/uploads\/2017\/04\/Mardi-18-avril0011-600x403.jpg 600w, http:\/\/www.asmdmarche.fr\/blog\/wp-content\/uploads\/2017\/04\/Mardi-18-avril0011.jpg 800w\" sizes=\"(max-width: 300px) 100vw, 300px\" \/><\/a><\/p>\n<p>24 randonneurs et 4 pour la petite marche sont pr\u00e9sents au d\u00e9part du Mesnil sous un beau soleil printanier. Pour cette reprise, nous sommes rest\u00e9s sur nos terres. Nous avons fait notre halte collation devant le beau panorama du ch\u00e2teau de Dampierre, on ne s\u2019en lasse pas. Nous \u00e9tions de retour \u00e0 midi apr\u00e8s avoir march\u00e9 3 heures et 12 Km. Quelques gouttes de pluie nous ont rattrap\u00e9s \u00e0 l\u2019arriv\u00e9e.<\/p>\n<p>Petite marche<\/p>\n<p><span style=\"font-size: small;\">Nous \u00e9tions 4 au d\u00e9part du Mesnil pour la petite marche sous un soleil radieux mais frais.Nous avons suivi la grande marche sur le chemin de <\/span><span style=\"font-size: small;\">Beaurin<\/span><\/p>\n<p><a href=\"http:\/\/www.asmdmarche.fr\/blog\/wp-content\/uploads\/2017\/04\/Mardi-18-avril0018.jpg\"><img loading=\"lazy\" class=\"size-medium wp-image-3065 alignleft\" src=\"http:\/\/www.asmdmarche.fr\/blog\/wp-content\/uploads\/2017\/04\/Mardi-18-avril0018-300x201.jpg\" alt=\"\" width=\"300\" height=\"201\" srcset=\"http:\/\/www.asmdmarche.fr\/blog\/wp-content\/uploads\/2017\/04\/Mardi-18-avril0018-300x201.jpg 300w, http:\/\/www.asmdmarche.fr\/blog\/wp-content\/uploads\/2017\/04\/Mardi-18-avril0018-768x516.jpg 768w, http:\/\/www.asmdmarche.fr\/blog\/wp-content\/uploads\/2017\/04\/Mardi-18-avril0018-600x403.jpg 600w, http:\/\/www.asmdmarche.fr\/blog\/wp-content\/uploads\/2017\/04\/Mardi-18-avril0018.jpg 800w\" sizes=\"(max-width: 300px) 100vw, 300px\" \/><\/a><\/p>\n<p><span style=\"font-size: small;\">jusqu&rsquo;au carrefour des six Croix o\u00f9 nous avons bifurqu\u00e9 vers le ravin de l&rsquo;Angoumois .Puis nous sommes revenus par le marais de Maincourt o\u00f9 nous avons pris une agr\u00e9able collation . Chantal<br \/>\n<\/span><\/p>\n<p><a href=\"http:\/\/www.asmdmarche.fr\/blog\/wp-content\/uploads\/2017\/04\/IMG_20170418_100313.jpg\"><img loading=\"lazy\" class=\"size-medium wp-image-3064 aligncenter\" src=\"http:\/\/www.asmdmarche.fr\/blog\/wp-content\/uploads\/2017\/04\/IMG_20170418_100313-300x168.jpg\" alt=\"\" width=\"300\" height=\"168\" srcset=\"http:\/\/www.asmdmarche.fr\/blog\/wp-content\/uploads\/2017\/04\/IMG_20170418_100313-300x168.jpg 300w, http:\/\/www.asmdmarche.fr\/blog\/wp-content\/uploads\/2017\/04\/IMG_20170418_100313-768x431.jpg 768w, http:\/\/www.asmdmarche.fr\/blog\/wp-content\/uploads\/2017\/04\/IMG_20170418_100313-600x337.jpg 600w, http:\/\/www.asmdmarche.fr\/blog\/wp-content\/uploads\/2017\/04\/IMG_20170418_100313.jpg 800w\" sizes=\"(max-width: 300px) 100vw, 300px\" \/><\/a><\/p>\n<p><a href=\"http:\/\/www.asmdmarche.fr\/blog\/?page_id=11&amp;wppa-album=182&amp;wppa-cover=0&amp;wppa-occur=1\" target=\"_blank\" rel=\"noopener noreferrer\">Voir les photos de Dominique et G\u00e9rard<\/a><\/p>\n<p><a href=\"https:\/\/www.grosfichiers.com\/8LBkGctcFNlkA\" target=\"_blank\" rel=\"noopener noreferrer\">T\u00e9l\u00e9charger et exploiter le fichier GPX de la rando<\/a><\/p>\n<p><a href=\"http:\/\/www.asmdmarche.fr\/blog\/?p=2684\" target=\"_blank\" rel=\"noopener noreferrer\">Comment faire?<\/a><\/p>\n<p>&nbsp;<\/p>\n","protected":false},"excerpt":{"rendered":"<p>24 randonneurs et 4 pour la petite marche sont pr\u00e9sents au d\u00e9part du Mesnil sous un beau soleil printanier. Pour cette reprise, nous sommes rest\u00e9s sur nos terres. Nous avons fait notre halte collation devant le beau panorama du ch\u00e2teau de Dampierre, on ne s\u2019en lasse pas. Nous \u00e9tions de retour \u00e0 midi apr\u00e8s avoir [&hellip;]<\/p>\n","protected":false},"author":10,"featured_media":0,"comment_status":"open","ping_status":"closed","sticky":false,"template":"","format":"standard","meta":[],"categories":[3],"tags":[],"_links":{"self":[{"href":"http:\/\/www.asmdmarche.fr\/blog\/index.php?rest_route=\/wp\/v2\/posts\/3066"}],"collection":[{"href":"http:\/\/www.asmdmarche.fr\/blog\/index.php?rest_route=\/wp\/v2\/posts"}],"about":[{"href":"http:\/\/www.asmdmarche.fr\/blog\/index.php?rest_route=\/wp\/v2\/types\/post"}],"author":[{"embeddable":true,"href":"http:\/\/www.asmdmarche.fr\/blog\/index.php?rest_route=\/wp\/v2\/users\/10"}],"replies":[{"embeddable":true,"href":"http:\/\/www.asmdmarche.fr\/blog\/index.php?rest_route=%2Fwp%2Fv2%2Fcomments&post=3066"}],"version-history":[{"count":5,"href":"http:\/\/www.asmdmarche.fr\/blog\/index.php?rest_route=\/wp\/v2\/posts\/3066\/revisions"}],"predecessor-version":[{"id":3110,"href":"http:\/\/www.asmdmarche.fr\/blog\/index.php?rest_route=\/wp\/v2\/posts\/3066\/revisions\/3110"}],"wp:attachment":[{"href":"http:\/\/www.asmdmarche.fr\/blog\/index.php?rest_route=%2Fwp%2Fv2%2Fmedia&parent=3066"}],"wp:term":[{"taxonomy":"category","embeddable":true,"href":"http:\/\/www.asmdmarche.fr\/blog\/index.php?rest_route=%2Fwp%2Fv2%2Fcategories&post=3066"},{"taxonomy":"post_tag","embeddable":true,"href":"http:\/\/www.asmdmarche.fr\/blog\/index.php?rest_route=%2Fwp%2Fv2%2Ftags&post=3066"}],"curies":[{"name":"wp","href":"https:\/\/api.w.org\/{rel}","templated":true}]}}