{"id":3058,"date":"2017-04-12T10:36:05","date_gmt":"2017-04-12T09:36:05","guid":{"rendered":"http:\/\/www.asmdmarche.fr\/blog\/?p=3058"},"modified":"2017-04-12T10:36:05","modified_gmt":"2017-04-12T09:36:05","slug":"mardi-11-avril-bonnelles-rochefort","status":"publish","type":"post","link":"http:\/\/www.asmdmarche.fr\/blog\/?p=3058","title":{"rendered":"Mardi 11 avril Bonnelles Rochefort"},"content":{"rendered":"<p><a href=\"http:\/\/www.asmdmarche.fr\/blog\/wp-content\/uploads\/2017\/04\/Mardi-11-avril-0026.jpg\"><img loading=\"lazy\" class=\"alignnone size-medium wp-image-3061\" src=\"http:\/\/www.asmdmarche.fr\/blog\/wp-content\/uploads\/2017\/04\/Mardi-11-avril-0026-300x201.jpg\" alt=\"\" width=\"300\" height=\"201\" srcset=\"http:\/\/www.asmdmarche.fr\/blog\/wp-content\/uploads\/2017\/04\/Mardi-11-avril-0026-300x201.jpg 300w, http:\/\/www.asmdmarche.fr\/blog\/wp-content\/uploads\/2017\/04\/Mardi-11-avril-0026-768x516.jpg 768w, http:\/\/www.asmdmarche.fr\/blog\/wp-content\/uploads\/2017\/04\/Mardi-11-avril-0026-600x403.jpg 600w, http:\/\/www.asmdmarche.fr\/blog\/wp-content\/uploads\/2017\/04\/Mardi-11-avril-0026.jpg 800w\" sizes=\"(max-width: 300px) 100vw, 300px\" \/><\/a><a href=\"http:\/\/www.asmdmarche.fr\/blog\/wp-content\/uploads\/2017\/04\/Mardi-11-avril-0033.jpg\"><img loading=\"lazy\" class=\"size-medium wp-image-3059 alignright\" src=\"http:\/\/www.asmdmarche.fr\/blog\/wp-content\/uploads\/2017\/04\/Mardi-11-avril-0033-300x201.jpg\" alt=\"\" width=\"300\" height=\"201\" srcset=\"http:\/\/www.asmdmarche.fr\/blog\/wp-content\/uploads\/2017\/04\/Mardi-11-avril-0033-300x201.jpg 300w, http:\/\/www.asmdmarche.fr\/blog\/wp-content\/uploads\/2017\/04\/Mardi-11-avril-0033-768x516.jpg 768w, http:\/\/www.asmdmarche.fr\/blog\/wp-content\/uploads\/2017\/04\/Mardi-11-avril-0033-600x403.jpg 600w, http:\/\/www.asmdmarche.fr\/blog\/wp-content\/uploads\/2017\/04\/Mardi-11-avril-0033.jpg 800w\" sizes=\"(max-width: 300px) 100vw, 300px\" \/><\/a><\/p>\n<p>16 marcheurs ont profit\u00e9 du beau temps printanier pour d\u00e9couvrir les environs de Bonnelles et visiter le vieux village de Rochefort.<\/p>\n<p><a href=\"http:\/\/www.asmdmarche.fr\/blog\/?page_id=11&amp;wppa-album=180&amp;wppa-cover=0&amp;wppa-occur=1\" target=\"_blank\">Voir les photos de Dominique et G\u00e9rard<\/a><\/p>\n<p><a href=\"https:\/\/www.grosfichiers.com\/HUK5wI2f0pd2j\" target=\"_blank\">T\u00e9l\u00e9charger et exploiter le fichier GPX de la rando<\/a><\/p>\n<p><a href=\"http:\/\/www.asmdmarche.fr\/blog\/?p=2684\" target=\"_blank\">Comment faire?<\/a><\/p>\n<p>&nbsp;<\/p>\n<p>&nbsp;<\/p>\n","protected":false},"excerpt":{"rendered":"<p>16 marcheurs ont profit\u00e9 du beau temps printanier pour d\u00e9couvrir les environs de Bonnelles et visiter le vieux village de Rochefort. Voir les photos de Dominique et G\u00e9rard T\u00e9l\u00e9charger et exploiter le fichier GPX de la rando Comment faire? &nbsp; &nbsp;<\/p>\n","protected":false},"author":10,"featured_media":0,"comment_status":"open","ping_status":"closed","sticky":false,"template":"","format":"standard","meta":[],"categories":[3],"tags":[],"_links":{"self":[{"href":"http:\/\/www.asmdmarche.fr\/blog\/index.php?rest_route=\/wp\/v2\/posts\/3058"}],"collection":[{"href":"http:\/\/www.asmdmarche.fr\/blog\/index.php?rest_route=\/wp\/v2\/posts"}],"about":[{"href":"http:\/\/www.asmdmarche.fr\/blog\/index.php?rest_route=\/wp\/v2\/types\/post"}],"author":[{"embeddable":true,"href":"http:\/\/www.asmdmarche.fr\/blog\/index.php?rest_route=\/wp\/v2\/users\/10"}],"replies":[{"embeddable":true,"href":"http:\/\/www.asmdmarche.fr\/blog\/index.php?rest_route=%2Fwp%2Fv2%2Fcomments&post=3058"}],"version-history":[{"count":1,"href":"http:\/\/www.asmdmarche.fr\/blog\/index.php?rest_route=\/wp\/v2\/posts\/3058\/revisions"}],"predecessor-version":[{"id":3062,"href":"http:\/\/www.asmdmarche.fr\/blog\/index.php?rest_route=\/wp\/v2\/posts\/3058\/revisions\/3062"}],"wp:attachment":[{"href":"http:\/\/www.asmdmarche.fr\/blog\/index.php?rest_route=%2Fwp%2Fv2%2Fmedia&parent=3058"}],"wp:term":[{"taxonomy":"category","embeddable":true,"href":"http:\/\/www.asmdmarche.fr\/blog\/index.php?rest_route=%2Fwp%2Fv2%2Fcategories&post=3058"},{"taxonomy":"post_tag","embeddable":true,"href":"http:\/\/www.asmdmarche.fr\/blog\/index.php?rest_route=%2Fwp%2Fv2%2Ftags&post=3058"}],"curies":[{"name":"wp","href":"https:\/\/api.w.org\/{rel}","templated":true}]}}