{"id":3055,"date":"2017-04-06T08:33:32","date_gmt":"2017-04-06T07:33:32","guid":{"rendered":"http:\/\/www.asmdmarche.fr\/blog\/?p=3055"},"modified":"2017-04-06T08:33:32","modified_gmt":"2017-04-06T07:33:32","slug":"mardi-4-avril","status":"publish","type":"post","link":"http:\/\/www.asmdmarche.fr\/blog\/?p=3055","title":{"rendered":"Mardi 4 avril"},"content":{"rendered":"<p><a href=\"http:\/\/www.asmdmarche.fr\/blog\/wp-content\/uploads\/2017\/04\/mardi-4-mars0017.jpg\"><img loading=\"lazy\" class=\"alignnone size-medium wp-image-3056\" src=\"http:\/\/www.asmdmarche.fr\/blog\/wp-content\/uploads\/2017\/04\/mardi-4-mars0017-200x300.jpg\" alt=\"\" width=\"200\" height=\"300\" srcset=\"http:\/\/www.asmdmarche.fr\/blog\/wp-content\/uploads\/2017\/04\/mardi-4-mars0017-200x300.jpg 200w, http:\/\/www.asmdmarche.fr\/blog\/wp-content\/uploads\/2017\/04\/mardi-4-mars0017.jpg 399w\" sizes=\"(max-width: 200px) 100vw, 200px\" \/><\/a><\/p>\n<p>16 marcheurs ont profit\u00e9 des vacances pour aller explorer des terres lointaines.<\/p>\n<p>Nous avons effectu\u00e9 une boucle de 12 km au d\u00e9part de Clairefontaine \u00e0 travers des paysages vari\u00e9s, des \u00e9tangs, de la foret, des arbres remarquables, des roseli\u00e8res, de belles demeures, quelques grimpettes, de belles fleurs printani\u00e8res et le chant du coucou.<\/p>\n<p><a href=\"http:\/\/www.asmdmarche.fr\/blog\/?page_id=11&amp;wppa-album=179&amp;wppa-cover=0&amp;wppa-occur=1\" target=\"_blank\">Voir les photos de Dominique et G\u00e9rard<\/a><\/p>\n<p>&nbsp;<\/p>\n","protected":false},"excerpt":{"rendered":"<p>16 marcheurs ont profit\u00e9 des vacances pour aller explorer des terres lointaines. Nous avons effectu\u00e9 une boucle de 12 km au d\u00e9part de Clairefontaine \u00e0 travers des paysages vari\u00e9s, des \u00e9tangs, de la foret, des arbres remarquables, des roseli\u00e8res, de belles demeures, quelques grimpettes, de belles fleurs printani\u00e8res et le chant du coucou. Voir les [&hellip;]<\/p>\n","protected":false},"author":10,"featured_media":0,"comment_status":"open","ping_status":"closed","sticky":false,"template":"","format":"standard","meta":[],"categories":[3],"tags":[],"_links":{"self":[{"href":"http:\/\/www.asmdmarche.fr\/blog\/index.php?rest_route=\/wp\/v2\/posts\/3055"}],"collection":[{"href":"http:\/\/www.asmdmarche.fr\/blog\/index.php?rest_route=\/wp\/v2\/posts"}],"about":[{"href":"http:\/\/www.asmdmarche.fr\/blog\/index.php?rest_route=\/wp\/v2\/types\/post"}],"author":[{"embeddable":true,"href":"http:\/\/www.asmdmarche.fr\/blog\/index.php?rest_route=\/wp\/v2\/users\/10"}],"replies":[{"embeddable":true,"href":"http:\/\/www.asmdmarche.fr\/blog\/index.php?rest_route=%2Fwp%2Fv2%2Fcomments&post=3055"}],"version-history":[{"count":1,"href":"http:\/\/www.asmdmarche.fr\/blog\/index.php?rest_route=\/wp\/v2\/posts\/3055\/revisions"}],"predecessor-version":[{"id":3057,"href":"http:\/\/www.asmdmarche.fr\/blog\/index.php?rest_route=\/wp\/v2\/posts\/3055\/revisions\/3057"}],"wp:attachment":[{"href":"http:\/\/www.asmdmarche.fr\/blog\/index.php?rest_route=%2Fwp%2Fv2%2Fmedia&parent=3055"}],"wp:term":[{"taxonomy":"category","embeddable":true,"href":"http:\/\/www.asmdmarche.fr\/blog\/index.php?rest_route=%2Fwp%2Fv2%2Fcategories&post=3055"},{"taxonomy":"post_tag","embeddable":true,"href":"http:\/\/www.asmdmarche.fr\/blog\/index.php?rest_route=%2Fwp%2Fv2%2Ftags&post=3055"}],"curies":[{"name":"wp","href":"https:\/\/api.w.org\/{rel}","templated":true}]}}