{"id":3049,"date":"2017-04-03T13:10:53","date_gmt":"2017-04-03T12:10:53","guid":{"rendered":"http:\/\/www.asmdmarche.fr\/blog\/?p=3049"},"modified":"2017-04-03T13:10:53","modified_gmt":"2017-04-03T12:10:53","slug":"dimanche-2-avril","status":"publish","type":"post","link":"http:\/\/www.asmdmarche.fr\/blog\/?p=3049","title":{"rendered":"Dimanche 2 avril"},"content":{"rendered":"<p><a href=\"http:\/\/www.asmdmarche.fr\/blog\/wp-content\/uploads\/2017\/04\/Dimanche-2-avril0014.jpg\"><img loading=\"lazy\" class=\"alignnone size-medium wp-image-3050\" src=\"http:\/\/www.asmdmarche.fr\/blog\/wp-content\/uploads\/2017\/04\/Dimanche-2-avril0014-300x200.jpg\" alt=\"\" width=\"300\" height=\"200\" srcset=\"http:\/\/www.asmdmarche.fr\/blog\/wp-content\/uploads\/2017\/04\/Dimanche-2-avril0014-300x200.jpg 300w, http:\/\/www.asmdmarche.fr\/blog\/wp-content\/uploads\/2017\/04\/Dimanche-2-avril0014-768x512.jpg 768w, http:\/\/www.asmdmarche.fr\/blog\/wp-content\/uploads\/2017\/04\/Dimanche-2-avril0014-600x400.jpg 600w, http:\/\/www.asmdmarche.fr\/blog\/wp-content\/uploads\/2017\/04\/Dimanche-2-avril0014.jpg 800w\" sizes=\"(max-width: 300px) 100vw, 300px\" \/><\/a><\/p>\n<p>&nbsp;<\/p>\n<p>14 marcheurs au d\u00e9part du Mesnil en co-voiturage pour un parcours de 12 km environ, dans et autour de Villiers-St-Fr\u00e9d\u00e9ric et Neauphle le Ch\u00e2teau. Villages, campagne et for\u00eat, balade vari\u00e9e avec le soleil et le ciel bleu au-dessus de nos t\u00eates et dans nos c\u0153urs. Une belle matin\u00e9e ensemble, merci \u00e0 notre accompagnateur Dominique et son assistante de marche Christiane.<br \/>\nAmicalement. Dominique.<\/p>\n<p><a href=\"http:\/\/www.asmdmarche.fr\/blog\/?page_id=11&amp;wppa-album=178&amp;wppa-cover=0&amp;wppa-occur=1\" target=\"_blank\">Voir les photos de Dominique et G\u00e9rard<\/a><\/p>\n","protected":false},"excerpt":{"rendered":"<p>&nbsp; 14 marcheurs au d\u00e9part du Mesnil en co-voiturage pour un parcours de 12 km environ, dans et autour de Villiers-St-Fr\u00e9d\u00e9ric et Neauphle le Ch\u00e2teau. Villages, campagne et for\u00eat, balade vari\u00e9e avec le soleil et le ciel bleu au-dessus de nos t\u00eates et dans nos c\u0153urs. Une belle matin\u00e9e ensemble, merci \u00e0 notre accompagnateur Dominique [&hellip;]<\/p>\n","protected":false},"author":10,"featured_media":0,"comment_status":"open","ping_status":"closed","sticky":false,"template":"","format":"standard","meta":[],"categories":[3],"tags":[],"_links":{"self":[{"href":"http:\/\/www.asmdmarche.fr\/blog\/index.php?rest_route=\/wp\/v2\/posts\/3049"}],"collection":[{"href":"http:\/\/www.asmdmarche.fr\/blog\/index.php?rest_route=\/wp\/v2\/posts"}],"about":[{"href":"http:\/\/www.asmdmarche.fr\/blog\/index.php?rest_route=\/wp\/v2\/types\/post"}],"author":[{"embeddable":true,"href":"http:\/\/www.asmdmarche.fr\/blog\/index.php?rest_route=\/wp\/v2\/users\/10"}],"replies":[{"embeddable":true,"href":"http:\/\/www.asmdmarche.fr\/blog\/index.php?rest_route=%2Fwp%2Fv2%2Fcomments&post=3049"}],"version-history":[{"count":1,"href":"http:\/\/www.asmdmarche.fr\/blog\/index.php?rest_route=\/wp\/v2\/posts\/3049\/revisions"}],"predecessor-version":[{"id":3051,"href":"http:\/\/www.asmdmarche.fr\/blog\/index.php?rest_route=\/wp\/v2\/posts\/3049\/revisions\/3051"}],"wp:attachment":[{"href":"http:\/\/www.asmdmarche.fr\/blog\/index.php?rest_route=%2Fwp%2Fv2%2Fmedia&parent=3049"}],"wp:term":[{"taxonomy":"category","embeddable":true,"href":"http:\/\/www.asmdmarche.fr\/blog\/index.php?rest_route=%2Fwp%2Fv2%2Fcategories&post=3049"},{"taxonomy":"post_tag","embeddable":true,"href":"http:\/\/www.asmdmarche.fr\/blog\/index.php?rest_route=%2Fwp%2Fv2%2Ftags&post=3049"}],"curies":[{"name":"wp","href":"https:\/\/api.w.org\/{rel}","templated":true}]}}