{"id":3046,"date":"2017-03-29T10:41:07","date_gmt":"2017-03-29T09:41:07","guid":{"rendered":"http:\/\/www.asmdmarche.fr\/blog\/?p=3046"},"modified":"2017-03-29T10:41:07","modified_gmt":"2017-03-29T09:41:07","slug":"mardi-28-mars","status":"publish","type":"post","link":"http:\/\/www.asmdmarche.fr\/blog\/?p=3046","title":{"rendered":"Mardi 28 mars"},"content":{"rendered":"<p><a href=\"http:\/\/www.asmdmarche.fr\/blog\/wp-content\/uploads\/2017\/03\/Sans-titre-2-2.jpg\"><img loading=\"lazy\" class=\"alignnone size-medium wp-image-3045\" src=\"http:\/\/www.asmdmarche.fr\/blog\/wp-content\/uploads\/2017\/03\/Sans-titre-2-2-300x201.jpg\" alt=\"\" width=\"300\" height=\"201\" srcset=\"http:\/\/www.asmdmarche.fr\/blog\/wp-content\/uploads\/2017\/03\/Sans-titre-2-2-300x201.jpg 300w, http:\/\/www.asmdmarche.fr\/blog\/wp-content\/uploads\/2017\/03\/Sans-titre-2-2-768x514.jpg 768w, http:\/\/www.asmdmarche.fr\/blog\/wp-content\/uploads\/2017\/03\/Sans-titre-2-2-600x401.jpg 600w, http:\/\/www.asmdmarche.fr\/blog\/wp-content\/uploads\/2017\/03\/Sans-titre-2-2.jpg 797w\" sizes=\"(max-width: 300px) 100vw, 300px\" \/><\/a><\/p>\n<p>21 marcheurs GM et 5 PM pr\u00e9sents au d\u00e9part de l\u2019\u00e9tang de la tour, aux environs de Vielle-Eglise pour un beau parcours forestier. C\u2019est \u00e0 l\u2019\u00e9tang d\u2019or que Gm et PM nous nous sommes retrouv\u00e9s pour partager la traditionnelle collation.<\/p>\n<p><a href=\"http:\/\/www.asmdmarche.fr\/blog\/?page_id=11&amp;wppa-album=177&amp;wppa-cover=0&amp;wppa-occur=1\" target=\"_blank\">Voir les photos de Dominique et G\u00e9rard<\/a><\/p>\n<p><a href=\"https:\/\/www.grosfichiers.com\/GTJTC18iGRyfS\" target=\"_blank\">T\u00e9l\u00e9charger et exploiter le fichier GPX de la rando<\/a><\/p>\n<p>Graphiques et fichier GPX de Jean-Fran\u00e7ois<\/p>\n","protected":false},"excerpt":{"rendered":"<p>21 marcheurs GM et 5 PM pr\u00e9sents au d\u00e9part de l\u2019\u00e9tang de la tour, aux environs de Vielle-Eglise pour un beau parcours forestier. C\u2019est \u00e0 l\u2019\u00e9tang d\u2019or que Gm et PM nous nous sommes retrouv\u00e9s pour partager la traditionnelle collation. Voir les photos de Dominique et G\u00e9rard T\u00e9l\u00e9charger et exploiter le fichier GPX de la [&hellip;]<\/p>\n","protected":false},"author":10,"featured_media":0,"comment_status":"open","ping_status":"closed","sticky":false,"template":"","format":"standard","meta":[],"categories":[3],"tags":[],"_links":{"self":[{"href":"http:\/\/www.asmdmarche.fr\/blog\/index.php?rest_route=\/wp\/v2\/posts\/3046"}],"collection":[{"href":"http:\/\/www.asmdmarche.fr\/blog\/index.php?rest_route=\/wp\/v2\/posts"}],"about":[{"href":"http:\/\/www.asmdmarche.fr\/blog\/index.php?rest_route=\/wp\/v2\/types\/post"}],"author":[{"embeddable":true,"href":"http:\/\/www.asmdmarche.fr\/blog\/index.php?rest_route=\/wp\/v2\/users\/10"}],"replies":[{"embeddable":true,"href":"http:\/\/www.asmdmarche.fr\/blog\/index.php?rest_route=%2Fwp%2Fv2%2Fcomments&post=3046"}],"version-history":[{"count":2,"href":"http:\/\/www.asmdmarche.fr\/blog\/index.php?rest_route=\/wp\/v2\/posts\/3046\/revisions"}],"predecessor-version":[{"id":3048,"href":"http:\/\/www.asmdmarche.fr\/blog\/index.php?rest_route=\/wp\/v2\/posts\/3046\/revisions\/3048"}],"wp:attachment":[{"href":"http:\/\/www.asmdmarche.fr\/blog\/index.php?rest_route=%2Fwp%2Fv2%2Fmedia&parent=3046"}],"wp:term":[{"taxonomy":"category","embeddable":true,"href":"http:\/\/www.asmdmarche.fr\/blog\/index.php?rest_route=%2Fwp%2Fv2%2Fcategories&post=3046"},{"taxonomy":"post_tag","embeddable":true,"href":"http:\/\/www.asmdmarche.fr\/blog\/index.php?rest_route=%2Fwp%2Fv2%2Ftags&post=3046"}],"curies":[{"name":"wp","href":"https:\/\/api.w.org\/{rel}","templated":true}]}}