{"id":3003,"date":"2017-03-20T14:06:03","date_gmt":"2017-03-20T13:06:03","guid":{"rendered":"http:\/\/www.asmdmarche.fr\/blog\/?p=3003"},"modified":"2017-03-20T14:36:52","modified_gmt":"2017-03-20T13:36:52","slug":"ecotrail-de-paris-19-mars","status":"publish","type":"post","link":"http:\/\/www.asmdmarche.fr\/blog\/?p=3003","title":{"rendered":"Ecotrail de Paris 19 mars"},"content":{"rendered":"<p><a href=\"http:\/\/www.asmdmarche.fr\/blog\/wp-content\/uploads\/2017\/03\/Ecotrail-de-Paris0001.jpg\"><img loading=\"lazy\" class=\"size-medium wp-image-3025 alignleft\" src=\"http:\/\/www.asmdmarche.fr\/blog\/wp-content\/uploads\/2017\/03\/Ecotrail-de-Paris0001-300x200.jpg\" alt=\"\" width=\"300\" height=\"200\" srcset=\"http:\/\/www.asmdmarche.fr\/blog\/wp-content\/uploads\/2017\/03\/Ecotrail-de-Paris0001-300x200.jpg 300w, http:\/\/www.asmdmarche.fr\/blog\/wp-content\/uploads\/2017\/03\/Ecotrail-de-Paris0001-768x512.jpg 768w, http:\/\/www.asmdmarche.fr\/blog\/wp-content\/uploads\/2017\/03\/Ecotrail-de-Paris0001-600x400.jpg 600w, http:\/\/www.asmdmarche.fr\/blog\/wp-content\/uploads\/2017\/03\/Ecotrail-de-Paris0001.jpg 800w\" sizes=\"(max-width: 300px) 100vw, 300px\" \/><\/a><\/p>\n<p>Un circuit de 20km attendait ,sur la place d&rsquo;Armes\u00a0de Versailles,15 randonneurs de notre section ce matin pour l&rsquo;\u00e9cotrail de Paris.<\/p>\n<p>Tr\u00e8s beau circuit passant dans le Bois de Fausses\u00a0reposes,\u00a0Marnes la Coquette, Le\u00a0Parc de St Cloud, l\u2019\u00cele St Germain et la coul\u00e9e verte de la petite ceinture.<\/p>\n<p>Bravo \u00e0 Huguette, Beno\u00eet et Dominique qui ont fait 15km de plus en partant \u00e0 pied du Mesnil.<\/p>\n<p>Chantal.<\/p>\n<p>Photos de Frank.<\/p>\n<p><a href=\"http:\/\/www.asmdmarche.fr\/blog\/wp-content\/uploads\/2017\/03\/Ecotrail-de-Paris0002.jpg\"><img loading=\"lazy\" class=\"alignnone size-medium wp-image-3024\" src=\"http:\/\/www.asmdmarche.fr\/blog\/wp-content\/uploads\/2017\/03\/Ecotrail-de-Paris0002-300x200.jpg\" alt=\"\" width=\"300\" height=\"200\" srcset=\"http:\/\/www.asmdmarche.fr\/blog\/wp-content\/uploads\/2017\/03\/Ecotrail-de-Paris0002-300x200.jpg 300w, http:\/\/www.asmdmarche.fr\/blog\/wp-content\/uploads\/2017\/03\/Ecotrail-de-Paris0002-768x512.jpg 768w, http:\/\/www.asmdmarche.fr\/blog\/wp-content\/uploads\/2017\/03\/Ecotrail-de-Paris0002-600x400.jpg 600w, http:\/\/www.asmdmarche.fr\/blog\/wp-content\/uploads\/2017\/03\/Ecotrail-de-Paris0002.jpg 800w\" sizes=\"(max-width: 300px) 100vw, 300px\" \/><\/a> <a href=\"http:\/\/www.asmdmarche.fr\/blog\/wp-content\/uploads\/2017\/03\/Ecotrail-de-Paris0003.jpg\"><img loading=\"lazy\" class=\"size-medium wp-image-3023 alignright\" src=\"http:\/\/www.asmdmarche.fr\/blog\/wp-content\/uploads\/2017\/03\/Ecotrail-de-Paris0003-300x200.jpg\" alt=\"\" width=\"300\" height=\"200\" srcset=\"http:\/\/www.asmdmarche.fr\/blog\/wp-content\/uploads\/2017\/03\/Ecotrail-de-Paris0003-300x200.jpg 300w, http:\/\/www.asmdmarche.fr\/blog\/wp-content\/uploads\/2017\/03\/Ecotrail-de-Paris0003-768x512.jpg 768w, http:\/\/www.asmdmarche.fr\/blog\/wp-content\/uploads\/2017\/03\/Ecotrail-de-Paris0003-600x400.jpg 600w, http:\/\/www.asmdmarche.fr\/blog\/wp-content\/uploads\/2017\/03\/Ecotrail-de-Paris0003.jpg 800w\" sizes=\"(max-width: 300px) 100vw, 300px\" \/><\/a><\/p>\n<p><a href=\"http:\/\/www.asmdmarche.fr\/blog\/wp-content\/uploads\/2017\/03\/Ecotrail-de-Paris0004.jpg\"><img loading=\"lazy\" class=\"alignnone size-medium wp-image-3022\" src=\"http:\/\/www.asmdmarche.fr\/blog\/wp-content\/uploads\/2017\/03\/Ecotrail-de-Paris0004-300x200.jpg\" alt=\"\" width=\"300\" height=\"200\" srcset=\"http:\/\/www.asmdmarche.fr\/blog\/wp-content\/uploads\/2017\/03\/Ecotrail-de-Paris0004-300x200.jpg 300w, http:\/\/www.asmdmarche.fr\/blog\/wp-content\/uploads\/2017\/03\/Ecotrail-de-Paris0004-768x512.jpg 768w, http:\/\/www.asmdmarche.fr\/blog\/wp-content\/uploads\/2017\/03\/Ecotrail-de-Paris0004-600x400.jpg 600w, http:\/\/www.asmdmarche.fr\/blog\/wp-content\/uploads\/2017\/03\/Ecotrail-de-Paris0004.jpg 800w\" sizes=\"(max-width: 300px) 100vw, 300px\" \/><\/a> <a href=\"http:\/\/www.asmdmarche.fr\/blog\/wp-content\/uploads\/2017\/03\/Ecotrail-de-Paris0005.jpg\"><img loading=\"lazy\" class=\"size-medium wp-image-3021 alignright\" src=\"http:\/\/www.asmdmarche.fr\/blog\/wp-content\/uploads\/2017\/03\/Ecotrail-de-Paris0005-300x200.jpg\" alt=\"\" width=\"300\" height=\"200\" srcset=\"http:\/\/www.asmdmarche.fr\/blog\/wp-content\/uploads\/2017\/03\/Ecotrail-de-Paris0005-300x200.jpg 300w, http:\/\/www.asmdmarche.fr\/blog\/wp-content\/uploads\/2017\/03\/Ecotrail-de-Paris0005-768x512.jpg 768w, http:\/\/www.asmdmarche.fr\/blog\/wp-content\/uploads\/2017\/03\/Ecotrail-de-Paris0005-600x400.jpg 600w, http:\/\/www.asmdmarche.fr\/blog\/wp-content\/uploads\/2017\/03\/Ecotrail-de-Paris0005.jpg 800w\" sizes=\"(max-width: 300px) 100vw, 300px\" \/><\/a><\/p>\n<p><a href=\"http:\/\/www.asmdmarche.fr\/blog\/wp-content\/uploads\/2017\/03\/Ecotrail-de-Paris0007.jpg\"><img loading=\"lazy\" class=\"size-medium wp-image-3019 aligncenter\" src=\"http:\/\/www.asmdmarche.fr\/blog\/wp-content\/uploads\/2017\/03\/Ecotrail-de-Paris0007-300x200.jpg\" alt=\"\" width=\"300\" height=\"200\" srcset=\"http:\/\/www.asmdmarche.fr\/blog\/wp-content\/uploads\/2017\/03\/Ecotrail-de-Paris0007-300x200.jpg 300w, http:\/\/www.asmdmarche.fr\/blog\/wp-content\/uploads\/2017\/03\/Ecotrail-de-Paris0007-768x512.jpg 768w, http:\/\/www.asmdmarche.fr\/blog\/wp-content\/uploads\/2017\/03\/Ecotrail-de-Paris0007-600x400.jpg 600w, http:\/\/www.asmdmarche.fr\/blog\/wp-content\/uploads\/2017\/03\/Ecotrail-de-Paris0007.jpg 800w\" sizes=\"(max-width: 300px) 100vw, 300px\" \/><\/a><\/p>\n<p><a href=\"http:\/\/www.asmdmarche.fr\/blog\/wp-content\/uploads\/2017\/03\/Ecotrail-de-Paris0006.jpg\"><img loading=\"lazy\" class=\"size-medium wp-image-3020 aligncenter\" src=\"http:\/\/www.asmdmarche.fr\/blog\/wp-content\/uploads\/2017\/03\/Ecotrail-de-Paris0006-200x300.jpg\" alt=\"\" width=\"200\" height=\"300\" srcset=\"http:\/\/www.asmdmarche.fr\/blog\/wp-content\/uploads\/2017\/03\/Ecotrail-de-Paris0006-200x300.jpg 200w, http:\/\/www.asmdmarche.fr\/blog\/wp-content\/uploads\/2017\/03\/Ecotrail-de-Paris0006.jpg 400w\" sizes=\"(max-width: 200px) 100vw, 200px\" \/><\/a><\/p>\n<p><a href=\"http:\/\/www.asmdmarche.fr\/blog\/wp-content\/uploads\/2017\/03\/Ecotrail-de-Paris0008.jpg\"><img loading=\"lazy\" class=\"alignnone size-medium wp-image-3018\" src=\"http:\/\/www.asmdmarche.fr\/blog\/wp-content\/uploads\/2017\/03\/Ecotrail-de-Paris0008-300x200.jpg\" alt=\"\" width=\"300\" height=\"200\" srcset=\"http:\/\/www.asmdmarche.fr\/blog\/wp-content\/uploads\/2017\/03\/Ecotrail-de-Paris0008-300x200.jpg 300w, http:\/\/www.asmdmarche.fr\/blog\/wp-content\/uploads\/2017\/03\/Ecotrail-de-Paris0008-768x512.jpg 768w, http:\/\/www.asmdmarche.fr\/blog\/wp-content\/uploads\/2017\/03\/Ecotrail-de-Paris0008-600x400.jpg 600w, http:\/\/www.asmdmarche.fr\/blog\/wp-content\/uploads\/2017\/03\/Ecotrail-de-Paris0008.jpg 800w\" sizes=\"(max-width: 300px) 100vw, 300px\" \/><\/a><a href=\"http:\/\/www.asmdmarche.fr\/blog\/wp-content\/uploads\/2017\/03\/Ecotrail-de-Paris0009.jpg\"><img loading=\"lazy\" class=\"size-medium wp-image-3017 alignright\" src=\"http:\/\/www.asmdmarche.fr\/blog\/wp-content\/uploads\/2017\/03\/Ecotrail-de-Paris0009-300x200.jpg\" alt=\"\" width=\"300\" height=\"200\" srcset=\"http:\/\/www.asmdmarche.fr\/blog\/wp-content\/uploads\/2017\/03\/Ecotrail-de-Paris0009-300x200.jpg 300w, http:\/\/www.asmdmarche.fr\/blog\/wp-content\/uploads\/2017\/03\/Ecotrail-de-Paris0009-768x512.jpg 768w, http:\/\/www.asmdmarche.fr\/blog\/wp-content\/uploads\/2017\/03\/Ecotrail-de-Paris0009-600x400.jpg 600w, http:\/\/www.asmdmarche.fr\/blog\/wp-content\/uploads\/2017\/03\/Ecotrail-de-Paris0009.jpg 800w\" sizes=\"(max-width: 300px) 100vw, 300px\" \/><\/a><a href=\"http:\/\/www.asmdmarche.fr\/blog\/wp-content\/uploads\/2017\/03\/Ecotrail-de-Paris0010.jpg\"><img loading=\"lazy\" class=\"size-medium wp-image-3016 alignleft\" src=\"http:\/\/www.asmdmarche.fr\/blog\/wp-content\/uploads\/2017\/03\/Ecotrail-de-Paris0010-300x200.jpg\" alt=\"\" width=\"300\" height=\"200\" srcset=\"http:\/\/www.asmdmarche.fr\/blog\/wp-content\/uploads\/2017\/03\/Ecotrail-de-Paris0010-300x200.jpg 300w, http:\/\/www.asmdmarche.fr\/blog\/wp-content\/uploads\/2017\/03\/Ecotrail-de-Paris0010-768x512.jpg 768w, http:\/\/www.asmdmarche.fr\/blog\/wp-content\/uploads\/2017\/03\/Ecotrail-de-Paris0010-600x400.jpg 600w, http:\/\/www.asmdmarche.fr\/blog\/wp-content\/uploads\/2017\/03\/Ecotrail-de-Paris0010.jpg 800w\" sizes=\"(max-width: 300px) 100vw, 300px\" \/><\/a><\/p>\n<p><a href=\"http:\/\/www.asmdmarche.fr\/blog\/wp-content\/uploads\/2017\/03\/Ecotrail-de-Paris0011.jpg\"><img loading=\"lazy\" class=\"size-medium wp-image-3015 alignright\" src=\"http:\/\/www.asmdmarche.fr\/blog\/wp-content\/uploads\/2017\/03\/Ecotrail-de-Paris0011-300x200.jpg\" alt=\"\" width=\"300\" height=\"200\" srcset=\"http:\/\/www.asmdmarche.fr\/blog\/wp-content\/uploads\/2017\/03\/Ecotrail-de-Paris0011-300x200.jpg 300w, http:\/\/www.asmdmarche.fr\/blog\/wp-content\/uploads\/2017\/03\/Ecotrail-de-Paris0011-768x512.jpg 768w, http:\/\/www.asmdmarche.fr\/blog\/wp-content\/uploads\/2017\/03\/Ecotrail-de-Paris0011-600x400.jpg 600w, http:\/\/www.asmdmarche.fr\/blog\/wp-content\/uploads\/2017\/03\/Ecotrail-de-Paris0011.jpg 800w\" sizes=\"(max-width: 300px) 100vw, 300px\" \/><\/a> <a href=\"http:\/\/www.asmdmarche.fr\/blog\/wp-content\/uploads\/2017\/03\/Ecotrail-de-Paris0012.jpg\"><img loading=\"lazy\" class=\"size-medium wp-image-3014 alignleft\" src=\"http:\/\/www.asmdmarche.fr\/blog\/wp-content\/uploads\/2017\/03\/Ecotrail-de-Paris0012-300x200.jpg\" alt=\"\" width=\"300\" height=\"200\" srcset=\"http:\/\/www.asmdmarche.fr\/blog\/wp-content\/uploads\/2017\/03\/Ecotrail-de-Paris0012-300x200.jpg 300w, http:\/\/www.asmdmarche.fr\/blog\/wp-content\/uploads\/2017\/03\/Ecotrail-de-Paris0012-768x512.jpg 768w, http:\/\/www.asmdmarche.fr\/blog\/wp-content\/uploads\/2017\/03\/Ecotrail-de-Paris0012-600x400.jpg 600w, http:\/\/www.asmdmarche.fr\/blog\/wp-content\/uploads\/2017\/03\/Ecotrail-de-Paris0012.jpg 800w\" sizes=\"(max-width: 300px) 100vw, 300px\" \/><\/a><\/p>\n<p>&nbsp;<\/p>\n<p>&nbsp;<\/p>\n<p>&nbsp;<\/p>\n<p>&nbsp;<\/p>\n<p><a href=\"http:\/\/www.asmdmarche.fr\/blog\/wp-content\/uploads\/2017\/03\/Ecotrail-de-Paris0013.jpg\"><img loading=\"lazy\" class=\"size-medium wp-image-3013 alignright\" src=\"http:\/\/www.asmdmarche.fr\/blog\/wp-content\/uploads\/2017\/03\/Ecotrail-de-Paris0013-300x200.jpg\" alt=\"\" width=\"300\" height=\"200\" srcset=\"http:\/\/www.asmdmarche.fr\/blog\/wp-content\/uploads\/2017\/03\/Ecotrail-de-Paris0013-300x200.jpg 300w, http:\/\/www.asmdmarche.fr\/blog\/wp-content\/uploads\/2017\/03\/Ecotrail-de-Paris0013-768x512.jpg 768w, http:\/\/www.asmdmarche.fr\/blog\/wp-content\/uploads\/2017\/03\/Ecotrail-de-Paris0013-600x400.jpg 600w, http:\/\/www.asmdmarche.fr\/blog\/wp-content\/uploads\/2017\/03\/Ecotrail-de-Paris0013.jpg 800w\" sizes=\"(max-width: 300px) 100vw, 300px\" \/><\/a><\/p>\n<p>&nbsp;<\/p>\n<p>&nbsp;<\/p>\n<p>&nbsp;<\/p>\n<p>&nbsp;<\/p>\n<p>&nbsp;<\/p>\n<p><a href=\"http:\/\/www.asmdmarche.fr\/blog\/wp-content\/uploads\/2017\/03\/Ecotrail-de-Paris0014.jpg\"><img loading=\"lazy\" class=\"alignnone size-medium wp-image-3012\" src=\"http:\/\/www.asmdmarche.fr\/blog\/wp-content\/uploads\/2017\/03\/Ecotrail-de-Paris0014-300x200.jpg\" alt=\"\" width=\"300\" height=\"200\" srcset=\"http:\/\/www.asmdmarche.fr\/blog\/wp-content\/uploads\/2017\/03\/Ecotrail-de-Paris0014-300x200.jpg 300w, http:\/\/www.asmdmarche.fr\/blog\/wp-content\/uploads\/2017\/03\/Ecotrail-de-Paris0014-768x512.jpg 768w, http:\/\/www.asmdmarche.fr\/blog\/wp-content\/uploads\/2017\/03\/Ecotrail-de-Paris0014-600x400.jpg 600w, http:\/\/www.asmdmarche.fr\/blog\/wp-content\/uploads\/2017\/03\/Ecotrail-de-Paris0014.jpg 800w\" sizes=\"(max-width: 300px) 100vw, 300px\" \/><\/a><a href=\"http:\/\/www.asmdmarche.fr\/blog\/wp-content\/uploads\/2017\/03\/Ecotrail-de-Paris0015.jpg\"><img loading=\"lazy\" class=\"size-medium wp-image-3011 alignright\" src=\"http:\/\/www.asmdmarche.fr\/blog\/wp-content\/uploads\/2017\/03\/Ecotrail-de-Paris0015-300x200.jpg\" alt=\"\" width=\"300\" height=\"200\" srcset=\"http:\/\/www.asmdmarche.fr\/blog\/wp-content\/uploads\/2017\/03\/Ecotrail-de-Paris0015-300x200.jpg 300w, http:\/\/www.asmdmarche.fr\/blog\/wp-content\/uploads\/2017\/03\/Ecotrail-de-Paris0015-768x512.jpg 768w, http:\/\/www.asmdmarche.fr\/blog\/wp-content\/uploads\/2017\/03\/Ecotrail-de-Paris0015-600x400.jpg 600w, http:\/\/www.asmdmarche.fr\/blog\/wp-content\/uploads\/2017\/03\/Ecotrail-de-Paris0015.jpg 800w\" sizes=\"(max-width: 300px) 100vw, 300px\" \/><\/a><\/p>\n<p><a href=\"http:\/\/www.asmdmarche.fr\/blog\/wp-content\/uploads\/2017\/03\/Ecotrail-de-Paris0016.jpg\"><img loading=\"lazy\" class=\"alignnone size-medium wp-image-3010\" src=\"http:\/\/www.asmdmarche.fr\/blog\/wp-content\/uploads\/2017\/03\/Ecotrail-de-Paris0016-300x200.jpg\" alt=\"\" width=\"300\" height=\"200\" srcset=\"http:\/\/www.asmdmarche.fr\/blog\/wp-content\/uploads\/2017\/03\/Ecotrail-de-Paris0016-300x200.jpg 300w, http:\/\/www.asmdmarche.fr\/blog\/wp-content\/uploads\/2017\/03\/Ecotrail-de-Paris0016-768x512.jpg 768w, http:\/\/www.asmdmarche.fr\/blog\/wp-content\/uploads\/2017\/03\/Ecotrail-de-Paris0016-600x400.jpg 600w, http:\/\/www.asmdmarche.fr\/blog\/wp-content\/uploads\/2017\/03\/Ecotrail-de-Paris0016.jpg 800w\" sizes=\"(max-width: 300px) 100vw, 300px\" \/><\/a><a href=\"http:\/\/www.asmdmarche.fr\/blog\/wp-content\/uploads\/2017\/03\/Ecotrail-de-Paris0017.jpg\"><img loading=\"lazy\" class=\"size-medium wp-image-3009 alignright\" src=\"http:\/\/www.asmdmarche.fr\/blog\/wp-content\/uploads\/2017\/03\/Ecotrail-de-Paris0017-300x200.jpg\" alt=\"\" width=\"300\" height=\"200\" srcset=\"http:\/\/www.asmdmarche.fr\/blog\/wp-content\/uploads\/2017\/03\/Ecotrail-de-Paris0017-300x200.jpg 300w, http:\/\/www.asmdmarche.fr\/blog\/wp-content\/uploads\/2017\/03\/Ecotrail-de-Paris0017-768x512.jpg 768w, http:\/\/www.asmdmarche.fr\/blog\/wp-content\/uploads\/2017\/03\/Ecotrail-de-Paris0017-600x400.jpg 600w, http:\/\/www.asmdmarche.fr\/blog\/wp-content\/uploads\/2017\/03\/Ecotrail-de-Paris0017.jpg 800w\" sizes=\"(max-width: 300px) 100vw, 300px\" \/><\/a><\/p>\n<p><a href=\"http:\/\/www.asmdmarche.fr\/blog\/wp-content\/uploads\/2017\/03\/Ecotrail-de-Paris0018.jpg\"><img loading=\"lazy\" class=\"alignnone size-medium wp-image-3008\" src=\"http:\/\/www.asmdmarche.fr\/blog\/wp-content\/uploads\/2017\/03\/Ecotrail-de-Paris0018-300x200.jpg\" alt=\"\" width=\"300\" height=\"200\" srcset=\"http:\/\/www.asmdmarche.fr\/blog\/wp-content\/uploads\/2017\/03\/Ecotrail-de-Paris0018-300x200.jpg 300w, http:\/\/www.asmdmarche.fr\/blog\/wp-content\/uploads\/2017\/03\/Ecotrail-de-Paris0018-768x512.jpg 768w, http:\/\/www.asmdmarche.fr\/blog\/wp-content\/uploads\/2017\/03\/Ecotrail-de-Paris0018-600x400.jpg 600w, http:\/\/www.asmdmarche.fr\/blog\/wp-content\/uploads\/2017\/03\/Ecotrail-de-Paris0018.jpg 800w\" sizes=\"(max-width: 300px) 100vw, 300px\" \/><\/a> <a href=\"http:\/\/www.asmdmarche.fr\/blog\/wp-content\/uploads\/2017\/03\/Ecotrail-de-Paris0019.jpg\"><img loading=\"lazy\" class=\"size-medium wp-image-3007 alignright\" src=\"http:\/\/www.asmdmarche.fr\/blog\/wp-content\/uploads\/2017\/03\/Ecotrail-de-Paris0019-300x200.jpg\" alt=\"\" width=\"300\" height=\"200\" srcset=\"http:\/\/www.asmdmarche.fr\/blog\/wp-content\/uploads\/2017\/03\/Ecotrail-de-Paris0019-300x200.jpg 300w, http:\/\/www.asmdmarche.fr\/blog\/wp-content\/uploads\/2017\/03\/Ecotrail-de-Paris0019-768x512.jpg 768w, http:\/\/www.asmdmarche.fr\/blog\/wp-content\/uploads\/2017\/03\/Ecotrail-de-Paris0019-600x400.jpg 600w, http:\/\/www.asmdmarche.fr\/blog\/wp-content\/uploads\/2017\/03\/Ecotrail-de-Paris0019.jpg 800w\" sizes=\"(max-width: 300px) 100vw, 300px\" \/><\/a><\/p>\n<p><a href=\"http:\/\/www.asmdmarche.fr\/blog\/wp-content\/uploads\/2017\/03\/Ecotrail-de-Paris0020.jpg\">\u00a0\u00a0\u00a0\u00a0\u00a0\u00a0\u00a0\u00a0\u00a0\u00a0\u00a0\u00a0\u00a0\u00a0\u00a0\u00a0\u00a0\u00a0\u00a0\u00a0\u00a0\u00a0\u00a0\u00a0\u00a0 <img loading=\"lazy\" class=\"alignnone size-medium wp-image-3006\" src=\"http:\/\/www.asmdmarche.fr\/blog\/wp-content\/uploads\/2017\/03\/Ecotrail-de-Paris0020-200x300.jpg\" alt=\"\" width=\"200\" height=\"300\" srcset=\"http:\/\/www.asmdmarche.fr\/blog\/wp-content\/uploads\/2017\/03\/Ecotrail-de-Paris0020-200x300.jpg 200w, http:\/\/www.asmdmarche.fr\/blog\/wp-content\/uploads\/2017\/03\/Ecotrail-de-Paris0020.jpg 400w\" sizes=\"(max-width: 200px) 100vw, 200px\" \/><\/a> <a href=\"http:\/\/www.asmdmarche.fr\/blog\/wp-content\/uploads\/2017\/03\/Ecotrail-de-Paris0021.jpg\"><img loading=\"lazy\" class=\"size-medium wp-image-3005 alignright\" src=\"http:\/\/www.asmdmarche.fr\/blog\/wp-content\/uploads\/2017\/03\/Ecotrail-de-Paris0021-300x200.jpg\" alt=\"\" width=\"300\" height=\"200\" srcset=\"http:\/\/www.asmdmarche.fr\/blog\/wp-content\/uploads\/2017\/03\/Ecotrail-de-Paris0021-300x200.jpg 300w, http:\/\/www.asmdmarche.fr\/blog\/wp-content\/uploads\/2017\/03\/Ecotrail-de-Paris0021-768x512.jpg 768w, http:\/\/www.asmdmarche.fr\/blog\/wp-content\/uploads\/2017\/03\/Ecotrail-de-Paris0021-600x400.jpg 600w, http:\/\/www.asmdmarche.fr\/blog\/wp-content\/uploads\/2017\/03\/Ecotrail-de-Paris0021.jpg 800w\" sizes=\"(max-width: 300px) 100vw, 300px\" \/><\/a><\/p>\n<p><a href=\"http:\/\/www.asmdmarche.fr\/blog\/wp-content\/uploads\/2017\/03\/Ecotrail-de-Paris0022.jpg\"><img loading=\"lazy\" class=\"size-medium wp-image-3004 aligncenter\" src=\"http:\/\/www.asmdmarche.fr\/blog\/wp-content\/uploads\/2017\/03\/Ecotrail-de-Paris0022-300x200.jpg\" alt=\"\" width=\"300\" height=\"200\" srcset=\"http:\/\/www.asmdmarche.fr\/blog\/wp-content\/uploads\/2017\/03\/Ecotrail-de-Paris0022-300x200.jpg 300w, http:\/\/www.asmdmarche.fr\/blog\/wp-content\/uploads\/2017\/03\/Ecotrail-de-Paris0022-768x512.jpg 768w, http:\/\/www.asmdmarche.fr\/blog\/wp-content\/uploads\/2017\/03\/Ecotrail-de-Paris0022-600x400.jpg 600w, http:\/\/www.asmdmarche.fr\/blog\/wp-content\/uploads\/2017\/03\/Ecotrail-de-Paris0022.jpg 800w\" sizes=\"(max-width: 300px) 100vw, 300px\" \/><\/a><\/p>\n<p>&nbsp;<\/p>\n<p>&nbsp;<\/p>\n<p>&nbsp;<\/p>\n<p>&nbsp;<\/p>\n<p>&nbsp;<\/p>\n<p>&nbsp;<\/p>\n<p>&nbsp;<\/p>\n<p>&nbsp;<\/p>\n<p>&nbsp;<\/p>\n<p>&nbsp;<\/p>\n<p>&nbsp;<\/p>\n<p>&nbsp;<\/p>\n<p>&nbsp;<\/p>\n","protected":false},"excerpt":{"rendered":"<p>Un circuit de 20km attendait ,sur la place d&rsquo;Armes\u00a0de Versailles,15 randonneurs de notre section ce matin pour l&rsquo;\u00e9cotrail de Paris. Tr\u00e8s beau circuit passant dans le Bois de Fausses\u00a0reposes,\u00a0Marnes la Coquette, Le\u00a0Parc de St Cloud, l\u2019\u00cele St Germain et la coul\u00e9e verte de la petite ceinture. Bravo \u00e0 Huguette, Beno\u00eet et Dominique qui ont fait [&hellip;]<\/p>\n","protected":false},"author":10,"featured_media":0,"comment_status":"open","ping_status":"closed","sticky":false,"template":"","format":"standard","meta":[],"categories":[3],"tags":[],"_links":{"self":[{"href":"http:\/\/www.asmdmarche.fr\/blog\/index.php?rest_route=\/wp\/v2\/posts\/3003"}],"collection":[{"href":"http:\/\/www.asmdmarche.fr\/blog\/index.php?rest_route=\/wp\/v2\/posts"}],"about":[{"href":"http:\/\/www.asmdmarche.fr\/blog\/index.php?rest_route=\/wp\/v2\/types\/post"}],"author":[{"embeddable":true,"href":"http:\/\/www.asmdmarche.fr\/blog\/index.php?rest_route=\/wp\/v2\/users\/10"}],"replies":[{"embeddable":true,"href":"http:\/\/www.asmdmarche.fr\/blog\/index.php?rest_route=%2Fwp%2Fv2%2Fcomments&post=3003"}],"version-history":[{"count":5,"href":"http:\/\/www.asmdmarche.fr\/blog\/index.php?rest_route=\/wp\/v2\/posts\/3003\/revisions"}],"predecessor-version":[{"id":3030,"href":"http:\/\/www.asmdmarche.fr\/blog\/index.php?rest_route=\/wp\/v2\/posts\/3003\/revisions\/3030"}],"wp:attachment":[{"href":"http:\/\/www.asmdmarche.fr\/blog\/index.php?rest_route=%2Fwp%2Fv2%2Fmedia&parent=3003"}],"wp:term":[{"taxonomy":"category","embeddable":true,"href":"http:\/\/www.asmdmarche.fr\/blog\/index.php?rest_route=%2Fwp%2Fv2%2Fcategories&post=3003"},{"taxonomy":"post_tag","embeddable":true,"href":"http:\/\/www.asmdmarche.fr\/blog\/index.php?rest_route=%2Fwp%2Fv2%2Ftags&post=3003"}],"curies":[{"name":"wp","href":"https:\/\/api.w.org\/{rel}","templated":true}]}}