{"id":2994,"date":"2017-03-20T09:56:37","date_gmt":"2017-03-20T08:56:37","guid":{"rendered":"http:\/\/www.asmdmarche.fr\/blog\/?p=2994"},"modified":"2017-03-20T09:56:37","modified_gmt":"2017-03-20T08:56:37","slug":"dimanche-19-mars","status":"publish","type":"post","link":"http:\/\/www.asmdmarche.fr\/blog\/?p=2994","title":{"rendered":"Dimanche 19 mars"},"content":{"rendered":"<p>9 marcheurs ont profit\u00e9 de cette belle balade matinale du Mesnil St Denis au Pommeret en passant par Levis St Nom et Girouard, m\u00eame circuit que celui de mardi, m\u00eame si moins ensoleill\u00e9, mais dans une ambiance aussi sympathique et chaleureuse. Nous avons crois\u00e9 des cyclistes qui \u00e9taient bien tent\u00e9s de rejoindre notre groupe.<br \/>\nMerci \u00e0 notre accompagnatrice Laurence pour ce bon moment.<br \/>\nAmicalement. Dominique.<\/p>\n<p>&nbsp;<\/p>\n<p><a href=\"http:\/\/www.asmdmarche.fr\/blog\/wp-content\/uploads\/2017\/03\/Dimanche-19-mars0001.jpg\"><img loading=\"lazy\" class=\"alignnone size-medium wp-image-3001\" src=\"http:\/\/www.asmdmarche.fr\/blog\/wp-content\/uploads\/2017\/03\/Dimanche-19-mars0001-300x200.jpg\" alt=\"\" width=\"300\" height=\"200\" srcset=\"http:\/\/www.asmdmarche.fr\/blog\/wp-content\/uploads\/2017\/03\/Dimanche-19-mars0001-300x200.jpg 300w, http:\/\/www.asmdmarche.fr\/blog\/wp-content\/uploads\/2017\/03\/Dimanche-19-mars0001-768x512.jpg 768w, http:\/\/www.asmdmarche.fr\/blog\/wp-content\/uploads\/2017\/03\/Dimanche-19-mars0001-600x400.jpg 600w, http:\/\/www.asmdmarche.fr\/blog\/wp-content\/uploads\/2017\/03\/Dimanche-19-mars0001.jpg 800w\" sizes=\"(max-width: 300px) 100vw, 300px\" \/><\/a><a href=\"http:\/\/www.asmdmarche.fr\/blog\/wp-content\/uploads\/2017\/03\/Dimanche-19-mars0002.jpg\"><img loading=\"lazy\" class=\"size-medium wp-image-3000 alignright\" src=\"http:\/\/www.asmdmarche.fr\/blog\/wp-content\/uploads\/2017\/03\/Dimanche-19-mars0002-300x200.jpg\" alt=\"\" width=\"300\" height=\"200\" srcset=\"http:\/\/www.asmdmarche.fr\/blog\/wp-content\/uploads\/2017\/03\/Dimanche-19-mars0002-300x200.jpg 300w, http:\/\/www.asmdmarche.fr\/blog\/wp-content\/uploads\/2017\/03\/Dimanche-19-mars0002-768x512.jpg 768w, http:\/\/www.asmdmarche.fr\/blog\/wp-content\/uploads\/2017\/03\/Dimanche-19-mars0002-600x400.jpg 600w, http:\/\/www.asmdmarche.fr\/blog\/wp-content\/uploads\/2017\/03\/Dimanche-19-mars0002.jpg 800w\" sizes=\"(max-width: 300px) 100vw, 300px\" \/><\/a><\/p>\n<p><a href=\"http:\/\/www.asmdmarche.fr\/blog\/wp-content\/uploads\/2017\/03\/Dimanche-19-mars0003.jpg\"><img loading=\"lazy\" class=\"alignnone size-medium wp-image-2999\" src=\"http:\/\/www.asmdmarche.fr\/blog\/wp-content\/uploads\/2017\/03\/Dimanche-19-mars0003-300x200.jpg\" alt=\"\" width=\"300\" height=\"200\" srcset=\"http:\/\/www.asmdmarche.fr\/blog\/wp-content\/uploads\/2017\/03\/Dimanche-19-mars0003-300x200.jpg 300w, http:\/\/www.asmdmarche.fr\/blog\/wp-content\/uploads\/2017\/03\/Dimanche-19-mars0003-768x512.jpg 768w, http:\/\/www.asmdmarche.fr\/blog\/wp-content\/uploads\/2017\/03\/Dimanche-19-mars0003-600x400.jpg 600w, http:\/\/www.asmdmarche.fr\/blog\/wp-content\/uploads\/2017\/03\/Dimanche-19-mars0003.jpg 800w\" sizes=\"(max-width: 300px) 100vw, 300px\" \/><\/a> <a href=\"http:\/\/www.asmdmarche.fr\/blog\/wp-content\/uploads\/2017\/03\/Dimanche-19-mars0004.jpg\"><img loading=\"lazy\" class=\"size-medium wp-image-2998 alignright\" src=\"http:\/\/www.asmdmarche.fr\/blog\/wp-content\/uploads\/2017\/03\/Dimanche-19-mars0004-300x200.jpg\" alt=\"\" width=\"300\" height=\"200\" srcset=\"http:\/\/www.asmdmarche.fr\/blog\/wp-content\/uploads\/2017\/03\/Dimanche-19-mars0004-300x200.jpg 300w, http:\/\/www.asmdmarche.fr\/blog\/wp-content\/uploads\/2017\/03\/Dimanche-19-mars0004-768x512.jpg 768w, http:\/\/www.asmdmarche.fr\/blog\/wp-content\/uploads\/2017\/03\/Dimanche-19-mars0004-600x400.jpg 600w, http:\/\/www.asmdmarche.fr\/blog\/wp-content\/uploads\/2017\/03\/Dimanche-19-mars0004.jpg 800w\" sizes=\"(max-width: 300px) 100vw, 300px\" \/><\/a><\/p>\n<p><a href=\"http:\/\/www.asmdmarche.fr\/blog\/wp-content\/uploads\/2017\/03\/Dimanche-19-mars0005.jpg\"><img loading=\"lazy\" class=\"alignnone size-medium wp-image-2997\" src=\"http:\/\/www.asmdmarche.fr\/blog\/wp-content\/uploads\/2017\/03\/Dimanche-19-mars0005-300x200.jpg\" alt=\"\" width=\"300\" height=\"200\" srcset=\"http:\/\/www.asmdmarche.fr\/blog\/wp-content\/uploads\/2017\/03\/Dimanche-19-mars0005-300x200.jpg 300w, http:\/\/www.asmdmarche.fr\/blog\/wp-content\/uploads\/2017\/03\/Dimanche-19-mars0005-768x512.jpg 768w, http:\/\/www.asmdmarche.fr\/blog\/wp-content\/uploads\/2017\/03\/Dimanche-19-mars0005-600x400.jpg 600w, http:\/\/www.asmdmarche.fr\/blog\/wp-content\/uploads\/2017\/03\/Dimanche-19-mars0005.jpg 800w\" sizes=\"(max-width: 300px) 100vw, 300px\" \/><\/a><a href=\"http:\/\/www.asmdmarche.fr\/blog\/wp-content\/uploads\/2017\/03\/Dimanche-19-mars0006.jpg\"><img loading=\"lazy\" class=\"size-medium wp-image-2996 alignright\" src=\"http:\/\/www.asmdmarche.fr\/blog\/wp-content\/uploads\/2017\/03\/Dimanche-19-mars0006-300x200.jpg\" alt=\"\" width=\"300\" height=\"200\" srcset=\"http:\/\/www.asmdmarche.fr\/blog\/wp-content\/uploads\/2017\/03\/Dimanche-19-mars0006-300x200.jpg 300w, http:\/\/www.asmdmarche.fr\/blog\/wp-content\/uploads\/2017\/03\/Dimanche-19-mars0006-768x512.jpg 768w, http:\/\/www.asmdmarche.fr\/blog\/wp-content\/uploads\/2017\/03\/Dimanche-19-mars0006-600x400.jpg 600w, http:\/\/www.asmdmarche.fr\/blog\/wp-content\/uploads\/2017\/03\/Dimanche-19-mars0006.jpg 800w\" sizes=\"(max-width: 300px) 100vw, 300px\" \/><\/a><\/p>\n<p>&nbsp;<\/p>\n","protected":false},"excerpt":{"rendered":"<p>9 marcheurs ont profit\u00e9 de cette belle balade matinale du Mesnil St Denis au Pommeret en passant par Levis St Nom et Girouard, m\u00eame circuit que celui de mardi, m\u00eame si moins ensoleill\u00e9, mais dans une ambiance aussi sympathique et chaleureuse. Nous avons crois\u00e9 des cyclistes qui \u00e9taient bien tent\u00e9s de rejoindre notre groupe. Merci [&hellip;]<\/p>\n","protected":false},"author":10,"featured_media":0,"comment_status":"open","ping_status":"closed","sticky":false,"template":"","format":"standard","meta":[],"categories":[3],"tags":[],"_links":{"self":[{"href":"http:\/\/www.asmdmarche.fr\/blog\/index.php?rest_route=\/wp\/v2\/posts\/2994"}],"collection":[{"href":"http:\/\/www.asmdmarche.fr\/blog\/index.php?rest_route=\/wp\/v2\/posts"}],"about":[{"href":"http:\/\/www.asmdmarche.fr\/blog\/index.php?rest_route=\/wp\/v2\/types\/post"}],"author":[{"embeddable":true,"href":"http:\/\/www.asmdmarche.fr\/blog\/index.php?rest_route=\/wp\/v2\/users\/10"}],"replies":[{"embeddable":true,"href":"http:\/\/www.asmdmarche.fr\/blog\/index.php?rest_route=%2Fwp%2Fv2%2Fcomments&post=2994"}],"version-history":[{"count":2,"href":"http:\/\/www.asmdmarche.fr\/blog\/index.php?rest_route=\/wp\/v2\/posts\/2994\/revisions"}],"predecessor-version":[{"id":3002,"href":"http:\/\/www.asmdmarche.fr\/blog\/index.php?rest_route=\/wp\/v2\/posts\/2994\/revisions\/3002"}],"wp:attachment":[{"href":"http:\/\/www.asmdmarche.fr\/blog\/index.php?rest_route=%2Fwp%2Fv2%2Fmedia&parent=2994"}],"wp:term":[{"taxonomy":"category","embeddable":true,"href":"http:\/\/www.asmdmarche.fr\/blog\/index.php?rest_route=%2Fwp%2Fv2%2Fcategories&post=2994"},{"taxonomy":"post_tag","embeddable":true,"href":"http:\/\/www.asmdmarche.fr\/blog\/index.php?rest_route=%2Fwp%2Fv2%2Ftags&post=2994"}],"curies":[{"name":"wp","href":"https:\/\/api.w.org\/{rel}","templated":true}]}}