{"id":2926,"date":"2017-03-07T19:45:17","date_gmt":"2017-03-07T18:45:17","guid":{"rendered":"http:\/\/www.asmdmarche.fr\/blog\/?p=2926"},"modified":"2017-03-08T11:40:07","modified_gmt":"2017-03-08T10:40:07","slug":"randos-du-mardi-07-mars-2017","status":"publish","type":"post","link":"http:\/\/www.asmdmarche.fr\/blog\/?p=2926","title":{"rendered":"Randos du mardi 07 mars 2017"},"content":{"rendered":"<p><span style=\"font-size: large;\">Aujourd&rsquo;hui, nous avons march\u00e9 depuis: <a href=\"http:\/\/www.asmdmarche.fr\/blog\/wp-content\/uploads\/2017\/03\/07-mars-20170008.jpg\"><img loading=\"lazy\" class=\"alignnone size-medium wp-image-2931\" src=\"http:\/\/www.asmdmarche.fr\/blog\/wp-content\/uploads\/2017\/03\/07-mars-20170008-300x201.jpg\" alt=\"\" width=\"300\" height=\"201\" srcset=\"http:\/\/www.asmdmarche.fr\/blog\/wp-content\/uploads\/2017\/03\/07-mars-20170008-300x201.jpg 300w, http:\/\/www.asmdmarche.fr\/blog\/wp-content\/uploads\/2017\/03\/07-mars-20170008-768x516.jpg 768w, http:\/\/www.asmdmarche.fr\/blog\/wp-content\/uploads\/2017\/03\/07-mars-20170008-600x403.jpg 600w, http:\/\/www.asmdmarche.fr\/blog\/wp-content\/uploads\/2017\/03\/07-mars-20170008.jpg 800w\" sizes=\"(max-width: 300px) 100vw, 300px\" \/><\/a><br \/>\n<\/span><\/p>\n<p><strong><span style=\"font-size: large;\">Petite marche.<\/span><\/strong><\/p>\n<p><a href=\"http:\/\/www.asmdmarche.fr\/blog\/wp-content\/uploads\/2017\/03\/07-mars-20170001.jpg\"><img loading=\"lazy\" class=\"alignnone size-medium wp-image-2928\" src=\"http:\/\/www.asmdmarche.fr\/blog\/wp-content\/uploads\/2017\/03\/07-mars-20170001-300x168.jpg\" alt=\"\" width=\"300\" height=\"168\" srcset=\"http:\/\/www.asmdmarche.fr\/blog\/wp-content\/uploads\/2017\/03\/07-mars-20170001-300x168.jpg 300w, http:\/\/www.asmdmarche.fr\/blog\/wp-content\/uploads\/2017\/03\/07-mars-20170001-768x431.jpg 768w, http:\/\/www.asmdmarche.fr\/blog\/wp-content\/uploads\/2017\/03\/07-mars-20170001-600x337.jpg 600w, http:\/\/www.asmdmarche.fr\/blog\/wp-content\/uploads\/2017\/03\/07-mars-20170001.jpg 800w\" sizes=\"(max-width: 300px) 100vw, 300px\" \/><\/a> <a href=\"http:\/\/www.asmdmarche.fr\/blog\/wp-content\/uploads\/2017\/03\/07-mars-20170002.jpg\"><img loading=\"lazy\" class=\"alignnone size-medium wp-image-2927\" src=\"http:\/\/www.asmdmarche.fr\/blog\/wp-content\/uploads\/2017\/03\/07-mars-20170002-300x168.jpg\" alt=\"\" width=\"300\" height=\"168\" srcset=\"http:\/\/www.asmdmarche.fr\/blog\/wp-content\/uploads\/2017\/03\/07-mars-20170002-300x168.jpg 300w, http:\/\/www.asmdmarche.fr\/blog\/wp-content\/uploads\/2017\/03\/07-mars-20170002-768x431.jpg 768w, http:\/\/www.asmdmarche.fr\/blog\/wp-content\/uploads\/2017\/03\/07-mars-20170002-600x337.jpg 600w, http:\/\/www.asmdmarche.fr\/blog\/wp-content\/uploads\/2017\/03\/07-mars-20170002.jpg 800w\" sizes=\"(max-width: 300px) 100vw, 300px\" \/><\/a><\/p>\n<p><span style=\"font-size: large;\">Nous \u00e9tions 3 pour la petite marche au d\u00e9part des Br\u00e9viaires, bien surveill\u00e9s par 2 charmantes gendarmettes \u00e0 cheval. Petite collation au bord des mares de Vilpert.<\/span><\/p>\n<p><span style=\"font-size: large;\">Commentaire et photos de Chantal.<\/span><\/p>\n<p><strong><span style=\"font-size: large;\">Grande marche.<\/span><\/strong><\/p>\n<p><span style=\"font-size: large;\">21 marcheurs au d\u00e9part ( autant \u00e0 l&rsquo;arriv\u00e9e) des Br\u00e9viaires pour une boucle d&rsquo;une douzaine de km. Tr\u00e8s beau parcours un peu boueux.<\/span><\/p>\n<p><span style=\"font-size: large;\">Voir les <a href=\"http:\/\/www.asmdmarche.fr\/blog\/?page_id=11&amp;wppa-album=172&amp;wppa-cover=0&amp;wppa-occur=1\" target=\"_blank\">photos de G\u00e9rard<\/a><\/span><\/p>\n<p><a href=\"https:\/\/www.grosfichiers.com\/IVLbOKSSqo8Qw\" target=\"_blank\">T\u00e9l\u00e9charger et exploiter le fichier GPX de la rando<\/a><\/p>\n<p><a href=\"http:\/\/www.asmdmarche.fr\/blog\/wp-content\/uploads\/2017\/03\/07-mars-20170001-1.jpg\"><img loading=\"lazy\" class=\"alignnone size-medium wp-image-2934\" src=\"http:\/\/www.asmdmarche.fr\/blog\/wp-content\/uploads\/2017\/03\/07-mars-20170001-1-300x165.jpg\" alt=\"\" width=\"300\" height=\"165\" srcset=\"http:\/\/www.asmdmarche.fr\/blog\/wp-content\/uploads\/2017\/03\/07-mars-20170001-1-300x165.jpg 300w, http:\/\/www.asmdmarche.fr\/blog\/wp-content\/uploads\/2017\/03\/07-mars-20170001-1-768x422.jpg 768w, http:\/\/www.asmdmarche.fr\/blog\/wp-content\/uploads\/2017\/03\/07-mars-20170001-1-600x330.jpg 600w, http:\/\/www.asmdmarche.fr\/blog\/wp-content\/uploads\/2017\/03\/07-mars-20170001-1.jpg 800w\" sizes=\"(max-width: 300px) 100vw, 300px\" \/><\/a><a href=\"http:\/\/www.asmdmarche.fr\/blog\/wp-content\/uploads\/2017\/03\/07-mars-20170002-1.jpg\"><img loading=\"lazy\" class=\"size-medium wp-image-2933 alignright\" src=\"http:\/\/www.asmdmarche.fr\/blog\/wp-content\/uploads\/2017\/03\/07-mars-20170002-1-300x181.jpg\" alt=\"\" width=\"300\" height=\"181\" srcset=\"http:\/\/www.asmdmarche.fr\/blog\/wp-content\/uploads\/2017\/03\/07-mars-20170002-1-300x181.jpg 300w, http:\/\/www.asmdmarche.fr\/blog\/wp-content\/uploads\/2017\/03\/07-mars-20170002-1-768x463.jpg 768w, http:\/\/www.asmdmarche.fr\/blog\/wp-content\/uploads\/2017\/03\/07-mars-20170002-1-600x362.jpg 600w, http:\/\/www.asmdmarche.fr\/blog\/wp-content\/uploads\/2017\/03\/07-mars-20170002-1.jpg 800w\" sizes=\"(max-width: 300px) 100vw, 300px\" \/><\/a><\/p>\n","protected":false},"excerpt":{"rendered":"<p>Aujourd&rsquo;hui, nous avons march\u00e9 depuis: Petite marche. Nous \u00e9tions 3 pour la petite marche au d\u00e9part des Br\u00e9viaires, bien surveill\u00e9s par 2 charmantes gendarmettes \u00e0 cheval. Petite collation au bord des mares de Vilpert. Commentaire et photos de Chantal. Grande marche. 21 marcheurs au d\u00e9part ( autant \u00e0 l&rsquo;arriv\u00e9e) des Br\u00e9viaires pour une boucle d&rsquo;une [&hellip;]<\/p>\n","protected":false},"author":10,"featured_media":0,"comment_status":"open","ping_status":"closed","sticky":false,"template":"","format":"standard","meta":[],"categories":[3],"tags":[],"_links":{"self":[{"href":"http:\/\/www.asmdmarche.fr\/blog\/index.php?rest_route=\/wp\/v2\/posts\/2926"}],"collection":[{"href":"http:\/\/www.asmdmarche.fr\/blog\/index.php?rest_route=\/wp\/v2\/posts"}],"about":[{"href":"http:\/\/www.asmdmarche.fr\/blog\/index.php?rest_route=\/wp\/v2\/types\/post"}],"author":[{"embeddable":true,"href":"http:\/\/www.asmdmarche.fr\/blog\/index.php?rest_route=\/wp\/v2\/users\/10"}],"replies":[{"embeddable":true,"href":"http:\/\/www.asmdmarche.fr\/blog\/index.php?rest_route=%2Fwp%2Fv2%2Fcomments&post=2926"}],"version-history":[{"count":6,"href":"http:\/\/www.asmdmarche.fr\/blog\/index.php?rest_route=\/wp\/v2\/posts\/2926\/revisions"}],"predecessor-version":[{"id":2937,"href":"http:\/\/www.asmdmarche.fr\/blog\/index.php?rest_route=\/wp\/v2\/posts\/2926\/revisions\/2937"}],"wp:attachment":[{"href":"http:\/\/www.asmdmarche.fr\/blog\/index.php?rest_route=%2Fwp%2Fv2%2Fmedia&parent=2926"}],"wp:term":[{"taxonomy":"category","embeddable":true,"href":"http:\/\/www.asmdmarche.fr\/blog\/index.php?rest_route=%2Fwp%2Fv2%2Fcategories&post=2926"},{"taxonomy":"post_tag","embeddable":true,"href":"http:\/\/www.asmdmarche.fr\/blog\/index.php?rest_route=%2Fwp%2Fv2%2Ftags&post=2926"}],"curies":[{"name":"wp","href":"https:\/\/api.w.org\/{rel}","templated":true}]}}