{"id":2918,"date":"2017-03-01T11:54:46","date_gmt":"2017-03-01T10:54:46","guid":{"rendered":"http:\/\/www.asmdmarche.fr\/blog\/?p=2918"},"modified":"2017-03-01T11:54:46","modified_gmt":"2017-03-01T10:54:46","slug":"mardi-gras-28-fevrier-rando-carnaval","status":"publish","type":"post","link":"http:\/\/www.asmdmarche.fr\/blog\/?p=2918","title":{"rendered":"Mardi gras 28 f\u00e9vrier, rando carnaval"},"content":{"rendered":"<p>C&rsquo;\u00e9tait mardi gras et de nombreux randonneurs se sont d\u00e9guis\u00e9s.<\/p>\n<p><a href=\"http:\/\/www.asmdmarche.fr\/blog\/wp-content\/uploads\/2017\/03\/Mardi-Gras-1.jpg\"><img loading=\"lazy\" class=\"size-medium wp-image-2919 alignleft\" src=\"http:\/\/www.asmdmarche.fr\/blog\/wp-content\/uploads\/2017\/03\/Mardi-Gras-1-300x204.jpg\" alt=\"\" width=\"300\" height=\"204\" srcset=\"http:\/\/www.asmdmarche.fr\/blog\/wp-content\/uploads\/2017\/03\/Mardi-Gras-1-300x204.jpg 300w, http:\/\/www.asmdmarche.fr\/blog\/wp-content\/uploads\/2017\/03\/Mardi-Gras-1-768x522.jpg 768w, http:\/\/www.asmdmarche.fr\/blog\/wp-content\/uploads\/2017\/03\/Mardi-Gras-1-600x408.jpg 600w, http:\/\/www.asmdmarche.fr\/blog\/wp-content\/uploads\/2017\/03\/Mardi-Gras-1.jpg 800w\" sizes=\"(max-width: 300px) 100vw, 300px\" \/><\/a><\/p>\n<p>&nbsp;<\/p>\n<p>&nbsp;<\/p>\n<p>&nbsp;<\/p>\n<p>&nbsp;<\/p>\n<p>&nbsp;<\/p>\n<p>La pause collation cr\u00eapes-cidre \u00e9tait bien sympathique et nous a fait oubli\u00e9 les petites gouttes de pluie qui se sont invit\u00e9es pendant notre balade.<br \/>\nMerci pour cette agr\u00e9able d\u00e9tente. Dominique.<\/p>\n<p>Merci aux cr\u00eapiers et \u00ab\u00a0cr\u00eapi\u00e8res\u00a0\u00bb :Chantal Legay, l&rsquo;\u00e9pouse de Jacques, G\u00e9rard et Christian.<\/p>\n<p><strong><a href=\"http:\/\/www.asmdmarche.fr\/blog\/?page_id=11&amp;wppa-album=170&amp;wppa-cover=0&amp;wppa-occur=1\">Voir les photos de Dominique, Marie-Jos\u00e9e et Ob\u00e9lix (G\u00e9rard)<\/a><\/strong><\/p>\n<p><strong><a href=\"https:\/\/www.grosfichiers.com\/AND7LQoRnrQq2\" target=\"_blank\">T\u00e9l\u00e9charger et exploiter le fichier GPX de la rando<\/a><\/strong><\/p>\n<p><strong>Comment faire?<\/strong> <strong>C\u2019est <a href=\"http:\/\/www.asmdmarche.fr\/blog\/?p=2684\">ici<\/a><\/strong><\/p>\n<p>&nbsp;<\/p>\n<p>&nbsp;<\/p>\n","protected":false},"excerpt":{"rendered":"<p>C&rsquo;\u00e9tait mardi gras et de nombreux randonneurs se sont d\u00e9guis\u00e9s. &nbsp; &nbsp; &nbsp; &nbsp; &nbsp; La pause collation cr\u00eapes-cidre \u00e9tait bien sympathique et nous a fait oubli\u00e9 les petites gouttes de pluie qui se sont invit\u00e9es pendant notre balade. Merci pour cette agr\u00e9able d\u00e9tente. Dominique. Merci aux cr\u00eapiers et \u00ab\u00a0cr\u00eapi\u00e8res\u00a0\u00bb :Chantal Legay, l&rsquo;\u00e9pouse de Jacques, [&hellip;]<\/p>\n","protected":false},"author":10,"featured_media":0,"comment_status":"open","ping_status":"closed","sticky":false,"template":"","format":"standard","meta":[],"categories":[3],"tags":[],"_links":{"self":[{"href":"http:\/\/www.asmdmarche.fr\/blog\/index.php?rest_route=\/wp\/v2\/posts\/2918"}],"collection":[{"href":"http:\/\/www.asmdmarche.fr\/blog\/index.php?rest_route=\/wp\/v2\/posts"}],"about":[{"href":"http:\/\/www.asmdmarche.fr\/blog\/index.php?rest_route=\/wp\/v2\/types\/post"}],"author":[{"embeddable":true,"href":"http:\/\/www.asmdmarche.fr\/blog\/index.php?rest_route=\/wp\/v2\/users\/10"}],"replies":[{"embeddable":true,"href":"http:\/\/www.asmdmarche.fr\/blog\/index.php?rest_route=%2Fwp%2Fv2%2Fcomments&post=2918"}],"version-history":[{"count":2,"href":"http:\/\/www.asmdmarche.fr\/blog\/index.php?rest_route=\/wp\/v2\/posts\/2918\/revisions"}],"predecessor-version":[{"id":2921,"href":"http:\/\/www.asmdmarche.fr\/blog\/index.php?rest_route=\/wp\/v2\/posts\/2918\/revisions\/2921"}],"wp:attachment":[{"href":"http:\/\/www.asmdmarche.fr\/blog\/index.php?rest_route=%2Fwp%2Fv2%2Fmedia&parent=2918"}],"wp:term":[{"taxonomy":"category","embeddable":true,"href":"http:\/\/www.asmdmarche.fr\/blog\/index.php?rest_route=%2Fwp%2Fv2%2Fcategories&post=2918"},{"taxonomy":"post_tag","embeddable":true,"href":"http:\/\/www.asmdmarche.fr\/blog\/index.php?rest_route=%2Fwp%2Fv2%2Ftags&post=2918"}],"curies":[{"name":"wp","href":"https:\/\/api.w.org\/{rel}","templated":true}]}}