{"id":2913,"date":"2017-03-01T10:50:45","date_gmt":"2017-03-01T09:50:45","guid":{"rendered":"http:\/\/www.asmdmarche.fr\/blog\/?p=2913"},"modified":"2017-03-01T12:05:16","modified_gmt":"2017-03-01T11:05:16","slug":"samedi-25-fevrier","status":"publish","type":"post","link":"http:\/\/www.asmdmarche.fr\/blog\/?p=2913","title":{"rendered":"Samedi 25 f\u00e9vrier"},"content":{"rendered":"<p><strong><a href=\"http:\/\/www.asmdmarche.fr\/blog\/wp-content\/uploads\/2017\/03\/25-fevrier-.0005.jpg\"><img loading=\"lazy\" class=\"alignnone size-medium wp-image-2914\" src=\"http:\/\/www.asmdmarche.fr\/blog\/wp-content\/uploads\/2017\/03\/25-fevrier-.0005-300x200.jpg\" alt=\"\" width=\"300\" height=\"200\" srcset=\"http:\/\/www.asmdmarche.fr\/blog\/wp-content\/uploads\/2017\/03\/25-fevrier-.0005-300x200.jpg 300w, http:\/\/www.asmdmarche.fr\/blog\/wp-content\/uploads\/2017\/03\/25-fevrier-.0005-768x512.jpg 768w, http:\/\/www.asmdmarche.fr\/blog\/wp-content\/uploads\/2017\/03\/25-fevrier-.0005-600x400.jpg 600w, http:\/\/www.asmdmarche.fr\/blog\/wp-content\/uploads\/2017\/03\/25-fevrier-.0005.jpg 800w\" sizes=\"(max-width: 300px) 100vw, 300px\" \/><\/a><\/strong><\/p>\n<p>26 randonneurs et randonneuses ont parcouru les 12,5 Km de ce beau circuit au d\u00e9part de Bullion, effectu\u00e9 mardi dernier dans l&rsquo;autre sens. La fra\u00eecheur matinale n&rsquo;a pas entam\u00e9 notre \u00e9nergie et un d\u00e9but de douceur printani\u00e8re nous a encourag\u00e9s dans la suite de notre marche.<br \/>\nL&rsquo;ap\u00e9ritif final offert par Christian a achev\u00e9 de nous r\u00e9chauffer dans une joyeuse ambiance.<br \/>\nMerci de nouveau \u00e0 Christian pour ce moment de d\u00e9tente bien appr\u00e9ci\u00e9.<\/p>\n<p>Commentaire et<strong> \u00a0<a href=\"http:\/\/www.asmdmarche.fr\/blog\/?page_id=11&amp;wppa-album=171&amp;wppa-cover=0&amp;wppa-occur=1\" target=\"_blank\">photos<\/a><\/strong> de Dominique.<\/p>\n<p>&nbsp;<\/p>\n","protected":false},"excerpt":{"rendered":"<p>26 randonneurs et randonneuses ont parcouru les 12,5 Km de ce beau circuit au d\u00e9part de Bullion, effectu\u00e9 mardi dernier dans l&rsquo;autre sens. La fra\u00eecheur matinale n&rsquo;a pas entam\u00e9 notre \u00e9nergie et un d\u00e9but de douceur printani\u00e8re nous a encourag\u00e9s dans la suite de notre marche. L&rsquo;ap\u00e9ritif final offert par Christian a achev\u00e9 de nous [&hellip;]<\/p>\n","protected":false},"author":10,"featured_media":0,"comment_status":"open","ping_status":"closed","sticky":false,"template":"","format":"standard","meta":[],"categories":[3],"tags":[],"_links":{"self":[{"href":"http:\/\/www.asmdmarche.fr\/blog\/index.php?rest_route=\/wp\/v2\/posts\/2913"}],"collection":[{"href":"http:\/\/www.asmdmarche.fr\/blog\/index.php?rest_route=\/wp\/v2\/posts"}],"about":[{"href":"http:\/\/www.asmdmarche.fr\/blog\/index.php?rest_route=\/wp\/v2\/types\/post"}],"author":[{"embeddable":true,"href":"http:\/\/www.asmdmarche.fr\/blog\/index.php?rest_route=\/wp\/v2\/users\/10"}],"replies":[{"embeddable":true,"href":"http:\/\/www.asmdmarche.fr\/blog\/index.php?rest_route=%2Fwp%2Fv2%2Fcomments&post=2913"}],"version-history":[{"count":1,"href":"http:\/\/www.asmdmarche.fr\/blog\/index.php?rest_route=\/wp\/v2\/posts\/2913\/revisions"}],"predecessor-version":[{"id":2916,"href":"http:\/\/www.asmdmarche.fr\/blog\/index.php?rest_route=\/wp\/v2\/posts\/2913\/revisions\/2916"}],"wp:attachment":[{"href":"http:\/\/www.asmdmarche.fr\/blog\/index.php?rest_route=%2Fwp%2Fv2%2Fmedia&parent=2913"}],"wp:term":[{"taxonomy":"category","embeddable":true,"href":"http:\/\/www.asmdmarche.fr\/blog\/index.php?rest_route=%2Fwp%2Fv2%2Fcategories&post=2913"},{"taxonomy":"post_tag","embeddable":true,"href":"http:\/\/www.asmdmarche.fr\/blog\/index.php?rest_route=%2Fwp%2Fv2%2Ftags&post=2913"}],"curies":[{"name":"wp","href":"https:\/\/api.w.org\/{rel}","templated":true}]}}