{"id":2909,"date":"2017-02-22T18:08:02","date_gmt":"2017-02-22T17:08:02","guid":{"rendered":"http:\/\/www.asmdmarche.fr\/blog\/?p=2909"},"modified":"2017-02-22T18:08:02","modified_gmt":"2017-02-22T17:08:02","slug":"grande-et-petite-marches-du-mardi-21-fevrier","status":"publish","type":"post","link":"http:\/\/www.asmdmarche.fr\/blog\/?p=2909","title":{"rendered":"Grande et petite marches du mardi 21 f\u00e9vrier"},"content":{"rendered":"<p><a href=\"http:\/\/www.asmdmarche.fr\/blog\/wp-content\/uploads\/2017\/02\/Danger.jpg\"><img loading=\"lazy\" class=\"alignnone size-medium wp-image-2907\" src=\"http:\/\/www.asmdmarche.fr\/blog\/wp-content\/uploads\/2017\/02\/Danger-300x201.jpg\" alt=\"\" width=\"300\" height=\"201\" srcset=\"http:\/\/www.asmdmarche.fr\/blog\/wp-content\/uploads\/2017\/02\/Danger-300x201.jpg 300w, http:\/\/www.asmdmarche.fr\/blog\/wp-content\/uploads\/2017\/02\/Danger-768x515.jpg 768w, http:\/\/www.asmdmarche.fr\/blog\/wp-content\/uploads\/2017\/02\/Danger-600x402.jpg 600w, http:\/\/www.asmdmarche.fr\/blog\/wp-content\/uploads\/2017\/02\/Danger.jpg 800w\" sizes=\"(max-width: 300px) 100vw, 300px\" \/><\/a><\/p>\n<p>Nous \u00e9tions 33 randonneurs mardi matin, 27 pour la grande marche et 6 pour la petite, \u00e0 partir de Bullion.<br \/>\nAu bout d&rsquo;un kilom\u00e8tre dans le bois de Ronqueux,\u00a0nos chemins se\u00a0 sont s\u00e9par\u00e9s: l&rsquo;un\u00a0vers le Bois de Noncienne\u00a0 pour la petite rando et\u00a0 l&rsquo;autre vers Chambernoux et Moutiers pour la grande rando.<br \/>\nPour notre traditionnelle et conviviale collation\u00a0nos chemins se sont \u00e0 nouveau crois\u00e9s dans le Bois d&rsquo;Aumont.<br \/>\nLa matin\u00e9e s&rsquo;est agr\u00e9ablement termin\u00e9e par un ap\u00e9ritif, sur le parking de Bullion, offert par Christian pour sa nomination comme \u00ab\u00a0webmaster\u00a0\u00bb dans le bureau de l&rsquo;ASMD.<\/p>\n<p>Compte rendu de Chantal, <a href=\"http:\/\/www.asmdmarche.fr\/blog\/?page_id=11&amp;wppa-album=169&amp;wppa-cover=0&amp;wppa-occur=1\" target=\"_blank\">photos de Dominique et G\u00e9rard.<\/a><\/p>\n<p>&nbsp;<\/p>\n","protected":false},"excerpt":{"rendered":"<p>Nous \u00e9tions 33 randonneurs mardi matin, 27 pour la grande marche et 6 pour la petite, \u00e0 partir de Bullion. Au bout d&rsquo;un kilom\u00e8tre dans le bois de Ronqueux,\u00a0nos chemins se\u00a0 sont s\u00e9par\u00e9s: l&rsquo;un\u00a0vers le Bois de Noncienne\u00a0 pour la petite rando et\u00a0 l&rsquo;autre vers Chambernoux et Moutiers pour la grande rando. Pour notre traditionnelle [&hellip;]<\/p>\n","protected":false},"author":10,"featured_media":0,"comment_status":"open","ping_status":"closed","sticky":false,"template":"","format":"standard","meta":[],"categories":[3],"tags":[],"_links":{"self":[{"href":"http:\/\/www.asmdmarche.fr\/blog\/index.php?rest_route=\/wp\/v2\/posts\/2909"}],"collection":[{"href":"http:\/\/www.asmdmarche.fr\/blog\/index.php?rest_route=\/wp\/v2\/posts"}],"about":[{"href":"http:\/\/www.asmdmarche.fr\/blog\/index.php?rest_route=\/wp\/v2\/types\/post"}],"author":[{"embeddable":true,"href":"http:\/\/www.asmdmarche.fr\/blog\/index.php?rest_route=\/wp\/v2\/users\/10"}],"replies":[{"embeddable":true,"href":"http:\/\/www.asmdmarche.fr\/blog\/index.php?rest_route=%2Fwp%2Fv2%2Fcomments&post=2909"}],"version-history":[{"count":2,"href":"http:\/\/www.asmdmarche.fr\/blog\/index.php?rest_route=\/wp\/v2\/posts\/2909\/revisions"}],"predecessor-version":[{"id":2911,"href":"http:\/\/www.asmdmarche.fr\/blog\/index.php?rest_route=\/wp\/v2\/posts\/2909\/revisions\/2911"}],"wp:attachment":[{"href":"http:\/\/www.asmdmarche.fr\/blog\/index.php?rest_route=%2Fwp%2Fv2%2Fmedia&parent=2909"}],"wp:term":[{"taxonomy":"category","embeddable":true,"href":"http:\/\/www.asmdmarche.fr\/blog\/index.php?rest_route=%2Fwp%2Fv2%2Fcategories&post=2909"},{"taxonomy":"post_tag","embeddable":true,"href":"http:\/\/www.asmdmarche.fr\/blog\/index.php?rest_route=%2Fwp%2Fv2%2Ftags&post=2909"}],"curies":[{"name":"wp","href":"https:\/\/api.w.org\/{rel}","templated":true}]}}