{"id":2528,"date":"2016-11-21T21:08:41","date_gmt":"2016-11-21T20:08:41","guid":{"rendered":"http:\/\/www.asmdmarche.fr\/blog\/?p=2528"},"modified":"2016-11-21T21:08:41","modified_gmt":"2016-11-21T20:08:41","slug":"dimanche-20-novembre","status":"publish","type":"post","link":"http:\/\/www.asmdmarche.fr\/blog\/?p=2528","title":{"rendered":"Dimanche 20 Novembre"},"content":{"rendered":"<div>\n<div>\n<div><\/div>\n<p>7 valeureux marcheurs n&rsquo;ont pas eu peur d&rsquo;affronter le ciel mena\u00e7ant, car ils avaient confiance dans les statistiques et ils ont bien eu raison : pas une goutte de pluie, juste un peu de vent.<\/p>\n<\/div>\n<p>Balade agr\u00e9able et vari\u00e9e au d\u00e9part du Mesnil, direction Coigni\u00e8res et le Val Favry o\u00f9 nous avons crois\u00e9 des oies que l&rsquo;on peut voir \u00e9voluer au fur et \u00e0 mesure de notre approche. Puis direction La Verri\u00e8re par un passage le long de la voie ferr\u00e9e. Nous avons travers\u00e9 le parc de la MGEN puis emprunt\u00e9 quelques rues de la Verri\u00e8re pour rejoindre l&rsquo;\u00e9tang des No\u00ebs. Retour par la for\u00eat de Trappes et Rhodon.<\/p>\n<\/div>\n<p>Circuit de 13 km \u00e0 4,7 km\/h en moyenne (bon rythme).<\/p>\n\r\n\t\t<style type='text\/css'>\r\n\t\t\t#gallery-1 {\r\n\t\t\t\tmargin: auto;\r\n\t\t\t}\r\n\t\t\t#gallery-1 .gallery-item {\r\n\t\t\t\tfloat: left;\r\n\t\t\t\tmargin-top: 10px;\r\n\t\t\t\ttext-align: center;\r\n\t\t\t\twidth: 33%;\r\n\t\t\t}\r\n\t\t\t#gallery-1 img {\r\n\t\t\t\tborder: 2px solid #cfcfcf;\r\n\t\t\t}\r\n\t\t\t#gallery-1 .gallery-caption {\r\n\t\t\t\tmargin-left: 0;\r\n\t\t\t}\r\n\t\t<\/style>\r\n\t\t<!-- see gallery_shortcode() in wp-includes\/media.php -->\n\t\t<div id='gallery-1' class='gallery galleryid-2528 gallery-columns-3 gallery-size-thumbnail gallery1'><script type=\"text\/javascript\">\r\n\/\/ <![CDATA[\r\n\tjQuery(document).ready(function () {\r\n\t\tjQuery(\".gallery1 a\").attr(\"rel\",\"gallery1\");\t\r\n\t\tjQuery('a[rel=\"gallery1\"]').colorbox({maxWidth:\"95%\", maxHeight:\"95%\",title: function(){ return jQuery(this).children().attr(\"alt\"); }, });\r\n\t});\r\n\/\/ ]]>\r\n<\/script>\n<dl class=\"gallery-item\">\n<dt class=\"gallery-icon\">\r\n<a href=\"http:\/\/www.asmdmarche.fr\/blog\/wp-content\/uploads\/2016\/11\/20161120_093455-e1479758849524.jpg\" title=\"\u00f8;\" rel=\"gallery1\"><img src=\"http:\/\/www.asmdmarche.fr\/blog\/wp-content\/uploads\/2016\/11\/20161120_093455-e1479758849524-150x150.jpg\" width=\"150\" height=\"150\" alt=\"\u00f8;\" \/><\/a>\r\n<\/dt><dd class=\"gallery-caption\" id=\"caption2530\"><span class=\"imagecaption\">\u00f8;<\/span><br \/>\n<\/dd><\/dl><dl class=\"gallery-item\">\n<dt class=\"gallery-icon\">\r\n<a href=\"http:\/\/www.asmdmarche.fr\/blog\/wp-content\/uploads\/2016\/11\/Circuit-20161120.jpg\" title=\"\" rel=\"gallery1\"><img src=\"http:\/\/www.asmdmarche.fr\/blog\/wp-content\/uploads\/2016\/11\/Circuit-20161120-150x150.jpg\" width=\"150\" height=\"150\" alt=\"\" \/><\/a>\r\n<\/dt><\/dl><dl class=\"gallery-item\">\n<dt class=\"gallery-icon\">\r\n<a href=\"http:\/\/www.asmdmarche.fr\/blog\/wp-content\/uploads\/2016\/11\/20161120_104630.jpg\" title=\"\u00f8;\" rel=\"gallery1\"><img src=\"http:\/\/www.asmdmarche.fr\/blog\/wp-content\/uploads\/2016\/11\/20161120_104630-150x150.jpg\" width=\"150\" height=\"150\" alt=\"\u00f8;\" \/><\/a>\r\n<\/dt><dd class=\"gallery-caption\" id=\"caption2531\"><span class=\"imagecaption\">\u00f8;<\/span><br \/>\n<\/dd><\/dl><br style=\"clear: both\" \/>\r\n\t\t<\/div>\n\n<p>&nbsp;<\/p>\n<p>CR et Photo de V\u00e9ronique<\/p>\n","protected":false},"excerpt":{"rendered":"<p>7 valeureux marcheurs n&rsquo;ont pas eu peur d&rsquo;affronter le ciel mena\u00e7ant, car ils avaient confiance dans les statistiques et ils ont bien eu raison : pas une goutte de pluie, juste un peu de vent. Balade agr\u00e9able et vari\u00e9e au d\u00e9part du Mesnil, direction Coigni\u00e8res et le Val Favry o\u00f9 nous avons crois\u00e9 des oies [&hellip;]<\/p>\n","protected":false},"author":4,"featured_media":0,"comment_status":"open","ping_status":"closed","sticky":false,"template":"","format":"standard","meta":[],"categories":[3],"tags":[],"_links":{"self":[{"href":"http:\/\/www.asmdmarche.fr\/blog\/index.php?rest_route=\/wp\/v2\/posts\/2528"}],"collection":[{"href":"http:\/\/www.asmdmarche.fr\/blog\/index.php?rest_route=\/wp\/v2\/posts"}],"about":[{"href":"http:\/\/www.asmdmarche.fr\/blog\/index.php?rest_route=\/wp\/v2\/types\/post"}],"author":[{"embeddable":true,"href":"http:\/\/www.asmdmarche.fr\/blog\/index.php?rest_route=\/wp\/v2\/users\/4"}],"replies":[{"embeddable":true,"href":"http:\/\/www.asmdmarche.fr\/blog\/index.php?rest_route=%2Fwp%2Fv2%2Fcomments&post=2528"}],"version-history":[{"count":2,"href":"http:\/\/www.asmdmarche.fr\/blog\/index.php?rest_route=\/wp\/v2\/posts\/2528\/revisions"}],"predecessor-version":[{"id":2533,"href":"http:\/\/www.asmdmarche.fr\/blog\/index.php?rest_route=\/wp\/v2\/posts\/2528\/revisions\/2533"}],"wp:attachment":[{"href":"http:\/\/www.asmdmarche.fr\/blog\/index.php?rest_route=%2Fwp%2Fv2%2Fmedia&parent=2528"}],"wp:term":[{"taxonomy":"category","embeddable":true,"href":"http:\/\/www.asmdmarche.fr\/blog\/index.php?rest_route=%2Fwp%2Fv2%2Fcategories&post=2528"},{"taxonomy":"post_tag","embeddable":true,"href":"http:\/\/www.asmdmarche.fr\/blog\/index.php?rest_route=%2Fwp%2Fv2%2Ftags&post=2528"}],"curies":[{"name":"wp","href":"https:\/\/api.w.org\/{rel}","templated":true}]}}