{"id":1309,"date":"2014-09-16T21:25:34","date_gmt":"2014-09-16T20:25:34","guid":{"rendered":"http:\/\/www.asmdmarche.fr\/blog\/?p=1309"},"modified":"2014-09-18T07:24:11","modified_gmt":"2014-09-18T06:24:11","slug":"samedi-13-septembre-2014-2-randonnees","status":"publish","type":"post","link":"http:\/\/www.asmdmarche.fr\/blog\/?p=1309","title":{"rendered":"Samedi 13 septembre 2014 : 2 randonn\u00e9es"},"content":{"rendered":"<p>28 randonneurs pour notre rentr\u00e9e officielle.<\/p>\n<p><em><strong>2 groupes :<\/strong><\/em><\/p>\n<p>&#8211; Petite randonn\u00e9e avec Roland , 6 personnes sont partis en direction de la Croix Mathurine.<\/p>\n<p>&#8211; Grande randonn\u00e9e avec Chantal en direction du carrefour des Six Croix.<\/p>\n<p>Le lieu de la pause a \u00e9t\u00e9 difficile \u00e0 trouver, nous n&rsquo;avons donc pas fait notre collation \u00e0 10h30 mais plus tard.<\/p>\n<p>Mais alors que nous \u00e9tions sur une grande ligne droite au milieu des champs nous avons aper\u00e7u le groupe de la petite randonn\u00e9e.<\/p>\n<p>Nous avons donc partag\u00e9 nos chocolats, g\u00e2teaux et nos boissons chaudes au milieu de ce chemin dans la joie et la bonne humeur.<\/p>\n<p>Qu&rsquo;on se le dise :\u00a0 chacun sa randonn\u00e9e\u00a0 mais la collation commune c&rsquo;est le pure hasard \ud83d\ude06<\/p>\n<p>Chantal a modifi\u00e9 le circuit N\u00b0 2 pour la grande randonn\u00e9e\u00a0 pour nous faire traverser \u00ab\u00a0VIELLOTE \u00a0\u00bb et rallonger le circuit, nous avons fait un peu plus de 13km quand m\u00eame, mais avec que 171 m de d\u00e9nivel\u00e9.<\/p>\n<p>On souhaite la bienvenue \u00e0 :\u00a0 R\u00e9gine, Jean-Jacques, Brigitte, Denis et Jacques\u00a0 qui viennent de rejoindre la section.<\/p>\n<p>&nbsp;<\/p>\n\r\n\t\t<style type='text\/css'>\r\n\t\t\t#gallery-1 {\r\n\t\t\t\tmargin: auto;\r\n\t\t\t}\r\n\t\t\t#gallery-1 .gallery-item {\r\n\t\t\t\tfloat: left;\r\n\t\t\t\tmargin-top: 10px;\r\n\t\t\t\ttext-align: center;\r\n\t\t\t\twidth: 33%;\r\n\t\t\t}\r\n\t\t\t#gallery-1 img {\r\n\t\t\t\tborder: 2px solid #cfcfcf;\r\n\t\t\t}\r\n\t\t\t#gallery-1 .gallery-caption {\r\n\t\t\t\tmargin-left: 0;\r\n\t\t\t}\r\n\t\t<\/style>\r\n\t\t<!-- see gallery_shortcode() in wp-includes\/media.php -->\n\t\t<div id='gallery-1' class='gallery galleryid-1309 gallery-columns-3 gallery-size-thumbnail gallery1'><script type=\"text\/javascript\">\r\n\/\/ <![CDATA[\r\n\tjQuery(document).ready(function () {\r\n\t\tjQuery(\".gallery1 a\").attr(\"rel\",\"gallery1\");\t\r\n\t\tjQuery('a[rel=\"gallery1\"]').colorbox({maxWidth:\"95%\", maxHeight:\"95%\",title: function(){ return jQuery(this).children().attr(\"alt\"); }, });\r\n\t});\r\n\/\/ ]]>\r\n<\/script>\n<dl class=\"gallery-item\">\n<dt class=\"gallery-icon\">\r\n<a href=\"http:\/\/www.asmdmarche.fr\/blog\/wp-content\/uploads\/2014\/09\/DSCN1611-2.jpg\" title=\"Marcheurs de la grande randonn\u00e9e \" rel=\"gallery1\"><img src=\"http:\/\/www.asmdmarche.fr\/blog\/wp-content\/uploads\/2014\/09\/DSCN1611-2-150x150.jpg\" width=\"150\" height=\"150\" alt=\"Marcheurs de la grande randonn\u00e9e \" \/><\/a>\r\n<\/dt><dd class=\"gallery-caption\" id=\"caption1312\"><span class=\"imagecaption\">Marcheurs de la grande randonn\u00e9e <\/span><br \/>\n<\/dd><\/dl><dl class=\"gallery-item\">\n<dt class=\"gallery-icon\">\r\n<a href=\"http:\/\/www.asmdmarche.fr\/blog\/wp-content\/uploads\/2014\/09\/DSCN1613.jpg\" title=\"Le retrouvailles \" rel=\"gallery1\"><img src=\"http:\/\/www.asmdmarche.fr\/blog\/wp-content\/uploads\/2014\/09\/DSCN1613-150x150.jpg\" width=\"150\" height=\"150\" alt=\"Le retrouvailles \" \/><\/a>\r\n<\/dt><dd class=\"gallery-caption\" id=\"caption1313\"><span class=\"imagecaption\">Le retrouvailles <\/span><br \/>\n<\/dd><\/dl><dl class=\"gallery-item\">\n<dt class=\"gallery-icon\">\r\n<a href=\"http:\/\/www.asmdmarche.fr\/blog\/wp-content\/uploads\/2014\/09\/DSCN1618.jpg\" title=\"La collation avec les marcheurs de la  grande et la petite randonn\u00e9e.\" rel=\"gallery1\"><img src=\"http:\/\/www.asmdmarche.fr\/blog\/wp-content\/uploads\/2014\/09\/DSCN1618-150x150.jpg\" width=\"150\" height=\"150\" alt=\"La collation avec les marcheurs de la  grande et la petite randonn\u00e9e.\" \/><\/a>\r\n<\/dt><dd class=\"gallery-caption\" id=\"caption1314\"><span class=\"imagecaption\">La collation avec les marcheurs de la  grande et la petite randonn\u00e9e.<\/span><br \/>\n<\/dd><\/dl><br style=\"clear: both\" \/>\r\n\t\t<\/div>\n\n<p>&nbsp;<\/p>\n","protected":false},"excerpt":{"rendered":"<p>28 randonneurs pour notre rentr\u00e9e officielle. 2 groupes : &#8211; Petite randonn\u00e9e avec Roland , 6 personnes sont partis en direction de la Croix Mathurine. &#8211; Grande randonn\u00e9e avec Chantal en direction du carrefour des Six Croix. Le lieu de la pause a \u00e9t\u00e9 difficile \u00e0 trouver, nous n&rsquo;avons donc pas fait notre collation \u00e0 [&hellip;]<\/p>\n","protected":false},"author":4,"featured_media":0,"comment_status":"open","ping_status":"open","sticky":false,"template":"","format":"standard","meta":[],"categories":[3],"tags":[],"_links":{"self":[{"href":"http:\/\/www.asmdmarche.fr\/blog\/index.php?rest_route=\/wp\/v2\/posts\/1309"}],"collection":[{"href":"http:\/\/www.asmdmarche.fr\/blog\/index.php?rest_route=\/wp\/v2\/posts"}],"about":[{"href":"http:\/\/www.asmdmarche.fr\/blog\/index.php?rest_route=\/wp\/v2\/types\/post"}],"author":[{"embeddable":true,"href":"http:\/\/www.asmdmarche.fr\/blog\/index.php?rest_route=\/wp\/v2\/users\/4"}],"replies":[{"embeddable":true,"href":"http:\/\/www.asmdmarche.fr\/blog\/index.php?rest_route=%2Fwp%2Fv2%2Fcomments&post=1309"}],"version-history":[{"count":7,"href":"http:\/\/www.asmdmarche.fr\/blog\/index.php?rest_route=\/wp\/v2\/posts\/1309\/revisions"}],"predecessor-version":[{"id":1327,"href":"http:\/\/www.asmdmarche.fr\/blog\/index.php?rest_route=\/wp\/v2\/posts\/1309\/revisions\/1327"}],"wp:attachment":[{"href":"http:\/\/www.asmdmarche.fr\/blog\/index.php?rest_route=%2Fwp%2Fv2%2Fmedia&parent=1309"}],"wp:term":[{"taxonomy":"category","embeddable":true,"href":"http:\/\/www.asmdmarche.fr\/blog\/index.php?rest_route=%2Fwp%2Fv2%2Fcategories&post=1309"},{"taxonomy":"post_tag","embeddable":true,"href":"http:\/\/www.asmdmarche.fr\/blog\/index.php?rest_route=%2Fwp%2Fv2%2Ftags&post=1309"}],"curies":[{"name":"wp","href":"https:\/\/api.w.org\/{rel}","templated":true}]}}