{"id":1301,"date":"2014-09-09T18:15:51","date_gmt":"2014-09-09T17:15:51","guid":{"rendered":"http:\/\/www.asmdmarche.fr\/blog\/?p=1301"},"modified":"2014-09-10T21:37:57","modified_gmt":"2014-09-10T20:37:57","slug":"mardi-10-septembre","status":"publish","type":"post","link":"http:\/\/www.asmdmarche.fr\/blog\/?p=1301","title":{"rendered":"Mardi 10 septembre :"},"content":{"rendered":"<p>Le soleil \u00e9tait au rendez vous pour la rentr\u00e9e des marcheurs du mardi.<\/p>\n<p>Mais une rentr\u00e9e timide il y avait\u00a0 que 18 marcheurs . Chose rare les marcheurs du WE \u00e9taient plus nombreux \ud83d\ude1b<\/p>\n<p>Nos marcheurs ont fait 13,430 KM en 3h04 soit une moyenne de marche effective de\u00a0 : 4.380 km\/h.<\/p>\n<p>(circuit 4:\u00a0 Mesnil-Levis-Les layes)<\/p>\n<p>CR de Jean Pierre<\/p>\n<p>&nbsp;<\/p>\n<p><a href=\"http:\/\/www.asmdmarche.fr\/blog\/wp-content\/uploads\/2014\/09\/Mesnil-L\u00e9vis-Les-Layes-variante-.jpg\"><img loading=\"lazy\" class=\"alignnone size-medium wp-image-1296\" src=\"http:\/\/www.asmdmarche.fr\/blog\/wp-content\/uploads\/2014\/09\/Mesnil-L\u00e9vis-Les-Layes-variante--300x230.jpg\" alt=\"Mesnil L\u00e9vis Les Layes variante\" width=\"300\" height=\"230\" srcset=\"http:\/\/www.asmdmarche.fr\/blog\/wp-content\/uploads\/2014\/09\/Mesnil-L\u00e9vis-Les-Layes-variante--300x230.jpg 300w, http:\/\/www.asmdmarche.fr\/blog\/wp-content\/uploads\/2014\/09\/Mesnil-L\u00e9vis-Les-Layes-variante--600x461.jpg 600w, http:\/\/www.asmdmarche.fr\/blog\/wp-content\/uploads\/2014\/09\/Mesnil-L\u00e9vis-Les-Layes-variante-.jpg 959w\" sizes=\"(max-width: 300px) 100vw, 300px\" \/><\/a><\/p>\n<p>&nbsp;<\/p>\n<p>&nbsp;<\/p>\n<p>&nbsp;<\/p>\n","protected":false},"excerpt":{"rendered":"<p>Le soleil \u00e9tait au rendez vous pour la rentr\u00e9e des marcheurs du mardi. Mais une rentr\u00e9e timide il y avait\u00a0 que 18 marcheurs . Chose rare les marcheurs du WE \u00e9taient plus nombreux \ud83d\ude1b Nos marcheurs ont fait 13,430 KM en 3h04 soit une moyenne de marche effective de\u00a0 : 4.380 km\/h. (circuit 4:\u00a0 Mesnil-Levis-Les [&hellip;]<\/p>\n","protected":false},"author":4,"featured_media":0,"comment_status":"open","ping_status":"open","sticky":false,"template":"","format":"standard","meta":[],"categories":[3],"tags":[],"_links":{"self":[{"href":"http:\/\/www.asmdmarche.fr\/blog\/index.php?rest_route=\/wp\/v2\/posts\/1301"}],"collection":[{"href":"http:\/\/www.asmdmarche.fr\/blog\/index.php?rest_route=\/wp\/v2\/posts"}],"about":[{"href":"http:\/\/www.asmdmarche.fr\/blog\/index.php?rest_route=\/wp\/v2\/types\/post"}],"author":[{"embeddable":true,"href":"http:\/\/www.asmdmarche.fr\/blog\/index.php?rest_route=\/wp\/v2\/users\/4"}],"replies":[{"embeddable":true,"href":"http:\/\/www.asmdmarche.fr\/blog\/index.php?rest_route=%2Fwp%2Fv2%2Fcomments&post=1301"}],"version-history":[{"count":3,"href":"http:\/\/www.asmdmarche.fr\/blog\/index.php?rest_route=\/wp\/v2\/posts\/1301\/revisions"}],"predecessor-version":[{"id":1305,"href":"http:\/\/www.asmdmarche.fr\/blog\/index.php?rest_route=\/wp\/v2\/posts\/1301\/revisions\/1305"}],"wp:attachment":[{"href":"http:\/\/www.asmdmarche.fr\/blog\/index.php?rest_route=%2Fwp%2Fv2%2Fmedia&parent=1301"}],"wp:term":[{"taxonomy":"category","embeddable":true,"href":"http:\/\/www.asmdmarche.fr\/blog\/index.php?rest_route=%2Fwp%2Fv2%2Fcategories&post=1301"},{"taxonomy":"post_tag","embeddable":true,"href":"http:\/\/www.asmdmarche.fr\/blog\/index.php?rest_route=%2Fwp%2Fv2%2Ftags&post=1301"}],"curies":[{"name":"wp","href":"https:\/\/api.w.org\/{rel}","templated":true}]}}